{"id":21438,"date":"2025-02-19T09:26:19","date_gmt":"2025-02-19T12:26:19","guid":{"rendered":"https:\/\/dgospel.com.br\/portal\/?p=21438"},"modified":"2025-02-19T09:26:20","modified_gmt":"2025-02-19T12:26:20","slug":"deputados-esquerdistas-pedem-fim-de-oracao-no-parlamento-britanico-por-ser-ultrapassada","status":"publish","type":"post","link":"https:\/\/dgospel.com.br\/portal\/index.php\/2025\/02\/19\/deputados-esquerdistas-pedem-fim-de-oracao-no-parlamento-britanico-por-ser-ultrapassada\/","title":{"rendered":"Deputados esquerdistas pedem fim de ora\u00e7\u00e3o no Parlamento brit\u00e2nico por ser \u201cultrapassada\u201d"},"content":{"rendered":"\n<p>Deputados de esquerda pediram o&nbsp;<a href=\"https:\/\/guiame.com.br\/gospel\/noticias\/proposta-quer-proibir-oracoes-diarias-no-parlamento-britanico\"><strong>fim das ora\u00e7\u00f5es<\/strong><\/a>&nbsp;no Parlamento do&nbsp;<a href=\"https:\/\/guiame.com.br\/gospel\/noticias\/cristianismo-esta-sob-ataque-e-cristaos-sao-hostilizados-no-reino-unido-diz-relatorio.html\"><strong>Reino Unido<\/strong><\/a>, alegando que a tradi\u00e7\u00e3o n\u00e3o tem mais espa\u00e7o no s\u00e9culo 21.<\/p>\n\n\n\n<p>Segundo o jornal The Mirror, o deputado do Partido Trabalhista, Neil Duncan-Jordan, apresentou uma mo\u00e7\u00e3o ao Comit\u00ea de Moderniza\u00e7\u00e3o da C\u00e2mara dos Comuns, solicitando o fim das ora\u00e7\u00f5es feitas todo in\u00edcio do dia, antes do Parlamento iniciar os trabalhos.<\/p>\n\n\n\n<p>No documento, o&nbsp;<a href=\"https:\/\/guiame.com.br\/gospel\/noticias\/politico-cristao-se-recusa-jurar-sobre-biblia-durante-posse-ela-mesma-condena.html\"><strong>parlamentar&nbsp;<\/strong><\/a>argumentou que as ora\u00e7\u00f5es na c\u00e2mara &#8220;n\u00e3o s\u00e3o compat\u00edveis com uma sociedade que respeita os princ\u00edpios da liberdade de e da religi\u00e3o&#8221;.<\/p>\n\n\n\n<p>A mo\u00e7\u00e3o foi assinada por tr\u00eas parlamentares do Partido Trabalhista, tr\u00eas do Partido Liberal Democrata, dois parlamentares do Partido Verde e um deputado de centro-esquerda.<\/p>\n\n\n\n<p>&#8220;Fazer ora\u00e7\u00f5es no in\u00edcio do dia parece uma pr\u00e1tica desatualizada e antiquada. Em um local de trabalho moderno, isso realmente n\u00e3o faz muito sentido\u201d, afirmou Duncan-Jordan, em entrevista ao Mirror.<\/p>\n\n\n\n<p>O parlamentar acrescentou que a a\u00e7\u00e3o tem apoio de todos os partidos. &#8220;Agora temos um grupo bastante diversificado de parlamentares com diferentes cren\u00e7as religiosas e pessoas como eu que n\u00e3o t\u00eam religi\u00e3o alguma. Eles t\u00eam que esperar do lado de fora esperando que as ora\u00e7\u00f5es terminem\u201d, disse.<\/p>\n\n\n\n<p>Em uma carta enviada ao Comit\u00ea de Moderniza\u00e7\u00e3o, Duncan-Jordan e outros sete parlamentares trabalhistas descreveram as ora\u00e7\u00f5es di\u00e1rias como um privil\u00e9gio da Igreja Anglicana imposta ao Parlamento brit\u00e2nico.<\/p>\n\n\n\n<p>&#8220;As sess\u00f5es na C\u00e2mara dos Comuns e na C\u00e2mara dos Lordes come\u00e7am com ora\u00e7\u00f5es anglicanas \u2013 um dos muitos privil\u00e9gios dados \u00e0 Igreja da Inglaterra devido ao seu status estabelecido\u201d, declararam.<\/p>\n\n\n\n<p>\u201cDado que 46% dos parlamentares fizeram a afirma\u00e7\u00e3o secular ou juraram sobre um texto n\u00e3o crist\u00e3o, acreditamos que o uso continuado desse procedimento est\u00e1 desatualizado e precisa ser substitu\u00eddo. Com um Parlamento t\u00e3o diversificado, precisamos deixar claro que os parlamentares de todas as religi\u00f5es e cren\u00e7as s\u00e3o igualmente bem-vindos e valorizados\u201d.<\/p>\n\n\n\n<p>E acrescentaram na carta: &#8220;A imposi\u00e7\u00e3o de ora\u00e7\u00f5es como parte dos neg\u00f3cios oficiais do Parlamento n\u00e3o \u00e9 mais compat\u00edvel com uma sociedade que respeita o princ\u00edpio da liberdade de religi\u00e3o ou cren\u00e7a e remover essa pr\u00e1tica seria um passo positivo para a modernidade, igualdade e liberdade de consci\u00eancia&#8221;.<\/p>\n\n\n\n<p>J\u00e1 o presidente da C\u00e2mara, Sir Lindsay Hoyle, n\u00e3o tem a mesma opini\u00e3o. Em uma entrevista \u00e0 National Secular Society \u2013 uma organiza\u00e7\u00e3o que defende o secularismo e tamb\u00e9m pediu o fim das ora\u00e7\u00f5es \u2013 Hoyle afirmou que &#8220;n\u00e3o h\u00e1 mal nenhum em um momento de reflex\u00e3o privada para os membros antes de come\u00e7arem os trabalhos da C\u00e2mara&#8221;.<\/p>\n\n\n\n<p>A tradi\u00e7\u00e3o de orar antes da abertura dos trabalhos das sess\u00f5es na C\u00e2mara dos Comuns e nos Lordes iniciou no s\u00e9culo 16, durante o reinado do rei Carlos II.<\/p>\n\n\n\n<p><strong>Fonte:<\/strong>&nbsp;Guiame, com informa\u00e7\u00f5es de The Mirror<\/p>\n","protected":false},"excerpt":{"rendered":"<p>Deputados de esquerda pediram o&nbsp;fim das ora\u00e7\u00f5es&nbsp;no Parlamento do&nbsp;Reino Unido, alegando que a tradi\u00e7\u00e3o n\u00e3o tem mais espa\u00e7o no s\u00e9culo 21. Segundo o jornal The Mirror, o deputado do Partido Trabalhista, Neil Duncan-Jordan, apresentou uma mo\u00e7\u00e3o ao Comit\u00ea de Moderniza\u00e7\u00e3o da C\u00e2mara dos Comuns, solicitando o fim das ora\u00e7\u00f5es feitas todo in\u00edcio do dia, antes [&hellip;]<\/p>\n","protected":false},"author":2,"featured_media":21439,"comment_status":"open","ping_status":"open","sticky":false,"template":"","format":"standard","meta":[],"categories":[12,16],"tags":[],"_links":{"self":[{"href":"https:\/\/dgospel.com.br\/portal\/index.php\/wp-json\/wp\/v2\/posts\/21438"}],"collection":[{"href":"https:\/\/dgospel.com.br\/portal\/index.php\/wp-json\/wp\/v2\/posts"}],"about":[{"href":"https:\/\/dgospel.com.br\/portal\/index.php\/wp-json\/wp\/v2\/types\/post"}],"author":[{"embeddable":true,"href":"https:\/\/dgospel.com.br\/portal\/index.php\/wp-json\/wp\/v2\/users\/2"}],"replies":[{"embeddable":true,"href":"https:\/\/dgospel.com.br\/portal\/index.php\/wp-json\/wp\/v2\/comments?post=21438"}],"version-history":[{"count":1,"href":"https:\/\/dgospel.com.br\/portal\/index.php\/wp-json\/wp\/v2\/posts\/21438\/revisions"}],"predecessor-version":[{"id":21440,"href":"https:\/\/dgospel.com.br\/portal\/index.php\/wp-json\/wp\/v2\/posts\/21438\/revisions\/21440"}],"wp:featuredmedia":[{"embeddable":true,"href":"https:\/\/dgospel.com.br\/portal\/index.php\/wp-json\/wp\/v2\/media\/21439"}],"wp:attachment":[{"href":"https:\/\/dgospel.com.br\/portal\/index.php\/wp-json\/wp\/v2\/media?parent=21438"}],"wp:term":[{"taxonomy":"category","embeddable":true,"href":"https:\/\/dgospel.com.br\/portal\/index.php\/wp-json\/wp\/v2\/categories?post=21438"},{"taxonomy":"post_tag","embeddable":true,"href":"https:\/\/dgospel.com.br\/portal\/index.php\/wp-json\/wp\/v2\/tags?post=21438"}],"curies":[{"name":"wp","href":"https:\/\/api.w.org\/{rel}","templated":true}]}}