{"id":21447,"date":"2025-02-19T09:39:27","date_gmt":"2025-02-19T12:39:27","guid":{"rendered":"https:\/\/dgospel.com.br\/portal\/?p=21447"},"modified":"2025-02-19T09:39:29","modified_gmt":"2025-02-19T12:39:29","slug":"google-recua-em-agenda-progressista-e-deixa-de-promover-temas-lgbt","status":"publish","type":"post","link":"https:\/\/dgospel.com.br\/portal\/index.php\/2025\/02\/19\/google-recua-em-agenda-progressista-e-deixa-de-promover-temas-lgbt\/","title":{"rendered":"Google recua em agenda progressista e deixa de promover temas LGBT"},"content":{"rendered":"\n<p>O Google removeu de seu aplicativo Google Agenda diversos eventos culturais, incluindo o M\u00eas da Hist\u00f3ria Negra, o M\u00eas do Orgulho LGBTQIA+, o M\u00eas da Hist\u00f3ria das Mulheres e o Dia da Mem\u00f3ria do Holocausto.<\/p>\n\n\n\n<p>A empresa justificou a decis\u00e3o afirmando que gerenciar manualmente \u201ccentenas de momentos globalmente n\u00e3o era escal\u00e1vel ou sustent\u00e1vel\u201d. Como alternativa, os usu\u00e1rios podem adicionar manualmente esses eventos ao seu calend\u00e1rio.<\/p>\n\n\n\n<p>Al\u00e9m disso, em janeiro de 2025, o presidente dos Estados Unidos, Donald Trump, assinou a Ordem Executiva 14172, que instrui a renomea\u00e7\u00e3o do Golfo do M\u00e9xico para \u201cGolfo da Am\u00e9rica\u201d nas documenta\u00e7\u00f5es federais.<\/p>\n\n\n\n<p>Em conformidade com essa ordem, o&nbsp;<a href=\"https:\/\/www.google.com\/\">Google<\/a>&nbsp;atualizou seu servi\u00e7o de mapas para refletir a mudan\u00e7a: usu\u00e1rios nos EUA veem \u201cGolfo da Am\u00e9rica\u201d, enquanto no M\u00e9xico permanece \u201cGolfo do M\u00e9xico\u201d; em outras regi\u00f5es, ambos os nomes s\u00e3o exibidos.<\/p>\n\n\n\n<p>A decis\u00e3o gerou rea\u00e7\u00f5es internacionais, incluindo uma carta da presidente do M\u00e9xico,\u00a0<a href=\"https:\/\/noticias.gospelmais.com\/tag\/presidente-claudia-sheinbaum\"><strong>Claudia Sheinbaum<\/strong><\/a>, ao CEO do Google, Sundar Pichai, solicitando a manuten\u00e7\u00e3o do nome \u201cGolfo do M\u00e9xico\u201d nos mapas, argumentando que o nome \u00e9 reconhecido internacionalmente desde o s\u00e9culo XVII.<\/p>\n\n\n\n<p>Essas a\u00e7\u00f5es ocorrem em um contexto mais amplo de empresas de tecnologia recuando de suas pr\u00e1ticas progressistas de diversidade, equidade e inclus\u00e3o, especialmente ap\u00f3s diretrizes do governo Trump.<\/p>\n","protected":false},"excerpt":{"rendered":"<p>O Google removeu de seu aplicativo Google Agenda diversos eventos culturais, incluindo o M\u00eas da Hist\u00f3ria Negra, o M\u00eas do Orgulho LGBTQIA+, o M\u00eas da Hist\u00f3ria das Mulheres e o Dia da Mem\u00f3ria do Holocausto. A empresa justificou a decis\u00e3o afirmando que gerenciar manualmente \u201ccentenas de momentos globalmente n\u00e3o era escal\u00e1vel ou sustent\u00e1vel\u201d. Como alternativa, [&hellip;]<\/p>\n","protected":false},"author":2,"featured_media":21448,"comment_status":"open","ping_status":"open","sticky":false,"template":"","format":"standard","meta":[],"categories":[12,10],"tags":[],"_links":{"self":[{"href":"https:\/\/dgospel.com.br\/portal\/index.php\/wp-json\/wp\/v2\/posts\/21447"}],"collection":[{"href":"https:\/\/dgospel.com.br\/portal\/index.php\/wp-json\/wp\/v2\/posts"}],"about":[{"href":"https:\/\/dgospel.com.br\/portal\/index.php\/wp-json\/wp\/v2\/types\/post"}],"author":[{"embeddable":true,"href":"https:\/\/dgospel.com.br\/portal\/index.php\/wp-json\/wp\/v2\/users\/2"}],"replies":[{"embeddable":true,"href":"https:\/\/dgospel.com.br\/portal\/index.php\/wp-json\/wp\/v2\/comments?post=21447"}],"version-history":[{"count":1,"href":"https:\/\/dgospel.com.br\/portal\/index.php\/wp-json\/wp\/v2\/posts\/21447\/revisions"}],"predecessor-version":[{"id":21449,"href":"https:\/\/dgospel.com.br\/portal\/index.php\/wp-json\/wp\/v2\/posts\/21447\/revisions\/21449"}],"wp:featuredmedia":[{"embeddable":true,"href":"https:\/\/dgospel.com.br\/portal\/index.php\/wp-json\/wp\/v2\/media\/21448"}],"wp:attachment":[{"href":"https:\/\/dgospel.com.br\/portal\/index.php\/wp-json\/wp\/v2\/media?parent=21447"}],"wp:term":[{"taxonomy":"category","embeddable":true,"href":"https:\/\/dgospel.com.br\/portal\/index.php\/wp-json\/wp\/v2\/categories?post=21447"},{"taxonomy":"post_tag","embeddable":true,"href":"https:\/\/dgospel.com.br\/portal\/index.php\/wp-json\/wp\/v2\/tags?post=21447"}],"curies":[{"name":"wp","href":"https:\/\/api.w.org\/{rel}","templated":true}]}}