{"id":21453,"date":"2025-02-19T09:50:38","date_gmt":"2025-02-19T12:50:38","guid":{"rendered":"https:\/\/dgospel.com.br\/portal\/?p=21453"},"modified":"2025-02-19T09:50:40","modified_gmt":"2025-02-19T12:50:40","slug":"tarcisio-critica-governo-lula-e-defende-candidatura-de-bolsonaro-em-2026","status":"publish","type":"post","link":"https:\/\/dgospel.com.br\/portal\/index.php\/2025\/02\/19\/tarcisio-critica-governo-lula-e-defende-candidatura-de-bolsonaro-em-2026\/","title":{"rendered":"Tarc\u00edsio critica governo Lula e defende candidatura de Bolsonaro em 2026"},"content":{"rendered":"\n<p>O governador de S\u00e3o Paulo, Tarc\u00edsio de Freitas (Republicanos-SP), declarou nesta segunda-feira (17) que a inelegibilidade de&nbsp;<a href=\"https:\/\/www.conexaopolitica.com.br\/tag\/jair-bolsonaro\/\">Jair Bolsonaro<\/a>&nbsp;(<a href=\"https:\/\/www.conexaopolitica.com.br\/tag\/pl\/\">PL<\/a>) deve ser revertida para que o ex-presidente concorra nas elei\u00e7\u00f5es presidenciais de 2026. Segundo ele, Bolsonaro continua sendo a principal lideran\u00e7a da direita e a melhor op\u00e7\u00e3o para derrotar o governo do presidente&nbsp;<a href=\"https:\/\/www.conexaopolitica.com.br\/tag\/lula\/\">Luiz In\u00e1cio Lula da Silva<\/a>&nbsp;(<a href=\"https:\/\/www.conexaopolitica.com.br\/tag\/pt\/\">PT<\/a>).<\/p>\n\n\n\n<h3><strong>Tarc\u00edsio defende candidatura de Bolsonaro<\/strong><\/h3>\n\n\n\n<p>Durante um evento com lideran\u00e7as do PL, Tarc\u00edsio afirmou que a prioridade da direita deve ser garantir o retorno de Bolsonaro ao comando do pa\u00eds. Ele argumentou que a atual gest\u00e3o petista prejudicou o Brasil em pouco tempo, mencionando dificuldades econ\u00f4micas e aumento da infla\u00e7\u00e3o.<\/p>\n\n\n\n<p>\u201cNossa responsabilidade \u00e9 trabalhar para que em 2026 a prosperidade e a esperan\u00e7a retornem. E a nossa esperan\u00e7a \u00e9 a maior lideran\u00e7a da direita, que hoje est\u00e1 no PL e que vai voltar a ser o nosso presidente da Rep\u00fablica, que \u00e9 Jair Messias Bolsonaro\u201d, afirmou Tarc\u00edsio.<\/p>\n\n\n\n<p>O ex-presidente foi declarado ineleg\u00edvel pelo Tribunal Superior Eleitoral (TSE) at\u00e9 2030, mas a oposi\u00e7\u00e3o acredita que a decis\u00e3o pode ser revertida com mudan\u00e7as no cen\u00e1rio pol\u00edtico. O fortalecimento da direita no Congresso e a recente vit\u00f3ria de Donald Trump nos\u00a0<a href=\"https:\/\/www.conexaopolitica.com.br\/tag\/estados-unidos\/\">Estados Unidos<\/a>\u00a0s\u00e3o vistos como sinais de que h\u00e1 um caminho para Bolsonaro voltar ao cen\u00e1rio eleitoral.<\/p>\n\n\n\n<h3>Cr\u00edticas ao governo Lula<\/h3>\n\n\n\n<p>Tarc\u00edsio de Freitas criticou a condu\u00e7\u00e3o do governo Lula, afirmando que o pa\u00eds \u201candou para tr\u00e1s\u201d em menos de dois anos de gest\u00e3o petista. Ele destacou a deteriora\u00e7\u00e3o das contas p\u00fablicas, a volta da infla\u00e7\u00e3o e a crise em estatais como pontos negativos da atual administra\u00e7\u00e3o.<\/p>\n\n\n\n<blockquote class=\"wp-block-quote\"><p>\u201cHoje as pessoas est\u00e3o olhando para tr\u00e1s e vendo o seguinte: como a gente era feliz, como a gente est\u00e1 agora, como o Brasil andou para tr\u00e1s em t\u00e3o pouco tempo. Conseguiram ter as estatais dando preju\u00edzo, conseguiram arrebentar as contas p\u00fablicas, conseguiram trazer a infla\u00e7\u00e3o de volta\u201d, declarou o governador.<\/p><\/blockquote>\n\n\n\n<p>As cr\u00edticas ocorrem em meio \u00e0 queda de popularidade de Lula, refletida em pesquisas eleitorais recentes. O DataFolha e o Paran\u00e1 Pesquisas mostram que a desaprova\u00e7\u00e3o do governo j\u00e1 supera a aprova\u00e7\u00e3o, e que Lula pode enfrentar dificuldades para garantir a reelei\u00e7\u00e3o.<\/p>\n\n\n\n<h3>Cen\u00e1rio eleitoral e possibilidade de candidatura de Tarc\u00edsio<\/h3>\n\n\n\n<p>Nos bastidores, aliados de Tarc\u00edsio afirmam que ele n\u00e3o descarta a possibilidade de disputar a presid\u00eancia, apesar de j\u00e1 ter indicado que pretende concorrer \u00e0 reelei\u00e7\u00e3o em S\u00e3o Paulo. Com a popularidade de Lula em queda e pesquisas apontando um cen\u00e1rio de empate t\u00e9cnico entre o petista e Bolsonaro, o governador paulista pode se tornar o plano B da direita caso o ex-presidente n\u00e3o consiga reverter sua inelegibilidade.<\/p>\n\n\n\n<p>Mesmo assim, a prioridade do PL e da oposi\u00e7\u00e3o continua sendo a candidatura de Bolsonaro. O partido aposta em um poss\u00edvel movimento no Congresso para mudar a composi\u00e7\u00e3o do TSE e em um ambiente mais favor\u00e1vel \u00e0 direita, impulsionado pela elei\u00e7\u00e3o de Trump nos EUA e pela nova lideran\u00e7a no Congresso brasileiro.<\/p>\n\n\n\n<p>Fonte: conexaopolitica<\/p>\n","protected":false},"excerpt":{"rendered":"<p>O governador de S\u00e3o Paulo, Tarc\u00edsio de Freitas (Republicanos-SP), declarou nesta segunda-feira (17) que a inelegibilidade de&nbsp;Jair Bolsonaro&nbsp;(PL) deve ser revertida para que o ex-presidente concorra nas elei\u00e7\u00f5es presidenciais de 2026. Segundo ele, Bolsonaro continua sendo a principal lideran\u00e7a da direita e a melhor op\u00e7\u00e3o para derrotar o governo do presidente&nbsp;Luiz In\u00e1cio Lula da Silva&nbsp;(PT). [&hellip;]<\/p>\n","protected":false},"author":2,"featured_media":21454,"comment_status":"open","ping_status":"open","sticky":false,"template":"","format":"standard","meta":[],"categories":[4],"tags":[13],"_links":{"self":[{"href":"https:\/\/dgospel.com.br\/portal\/index.php\/wp-json\/wp\/v2\/posts\/21453"}],"collection":[{"href":"https:\/\/dgospel.com.br\/portal\/index.php\/wp-json\/wp\/v2\/posts"}],"about":[{"href":"https:\/\/dgospel.com.br\/portal\/index.php\/wp-json\/wp\/v2\/types\/post"}],"author":[{"embeddable":true,"href":"https:\/\/dgospel.com.br\/portal\/index.php\/wp-json\/wp\/v2\/users\/2"}],"replies":[{"embeddable":true,"href":"https:\/\/dgospel.com.br\/portal\/index.php\/wp-json\/wp\/v2\/comments?post=21453"}],"version-history":[{"count":1,"href":"https:\/\/dgospel.com.br\/portal\/index.php\/wp-json\/wp\/v2\/posts\/21453\/revisions"}],"predecessor-version":[{"id":21455,"href":"https:\/\/dgospel.com.br\/portal\/index.php\/wp-json\/wp\/v2\/posts\/21453\/revisions\/21455"}],"wp:featuredmedia":[{"embeddable":true,"href":"https:\/\/dgospel.com.br\/portal\/index.php\/wp-json\/wp\/v2\/media\/21454"}],"wp:attachment":[{"href":"https:\/\/dgospel.com.br\/portal\/index.php\/wp-json\/wp\/v2\/media?parent=21453"}],"wp:term":[{"taxonomy":"category","embeddable":true,"href":"https:\/\/dgospel.com.br\/portal\/index.php\/wp-json\/wp\/v2\/categories?post=21453"},{"taxonomy":"post_tag","embeddable":true,"href":"https:\/\/dgospel.com.br\/portal\/index.php\/wp-json\/wp\/v2\/tags?post=21453"}],"curies":[{"name":"wp","href":"https:\/\/api.w.org\/{rel}","templated":true}]}}