{"id":21456,"date":"2025-02-21T10:56:17","date_gmt":"2025-02-21T13:56:17","guid":{"rendered":"https:\/\/dgospel.com.br\/portal\/?p=21456"},"modified":"2025-02-21T10:56:18","modified_gmt":"2025-02-21T13:56:18","slug":"denuncia-da-pgr-contra-bolsonaro-extrapola-conclusoes-da-pf-diz-folha","status":"publish","type":"post","link":"https:\/\/dgospel.com.br\/portal\/index.php\/2025\/02\/21\/denuncia-da-pgr-contra-bolsonaro-extrapola-conclusoes-da-pf-diz-folha\/","title":{"rendered":"Den\u00fancia da PGR contra Bolsonaro extrapola conclus\u00f5es da PF, diz Folha"},"content":{"rendered":"\n<p>Segundo o jornal\u00a0<a rel=\"noreferrer noopener\" href=\"https:\/\/www1.folha.uol.com.br\/poder\/2025\/02\/pgr-turbina-acusacao-contra-bolsonaro-com-conclusoes-que-nem-mesmo-a-pf-bancou.shtml\" target=\"_blank\">Folha de S. Paulo<\/a>, a den\u00fancia apresentada pelo procurador-geral da Rep\u00fablica, Paulo Gonet, contra Jair Bolsonaro (PL) avan\u00e7a al\u00e9m das conclus\u00f5es da Pol\u00edcia Federal (PF) sobre os ataques de 8 de janeiro de 2023. A Procuradoria sustenta que o ex-presidente n\u00e3o apenas fomentou os atos antidemocr\u00e1ticos, mas tamb\u00e9m concordou com um plano para assassinar o presidente Luiz In\u00e1cio Lula da Silva (PT), o vice-presidente Geraldo Alckmin (PSB) e o ministro Alexandre de Moraes.<\/p>\n\n\n\n<p>No entanto, esses pontos n\u00e3o constam no relat\u00f3rio final da PF, que apesar de estabelecer conex\u00f5es entre Bolsonaro e a radicaliza\u00e7\u00e3o de seus apoiadores, n\u00e3o chegou a imputar diretamente sua participa\u00e7\u00e3o nos ataques nem a sua anu\u00eancia a um plano de homic\u00eddio.<\/p>\n\n\n\n<p>Diferentemente da PF, que apontou que Bolsonaro estimulou um ambiente de desconfian\u00e7a eleitoral e fortaleceu discursos golpistas, a PGR atribui a ele uma liga\u00e7\u00e3o direta com os ataques em Bras\u00edlia.<\/p>\n\n\n\n<p>Gonet sustenta essa tese com mensagens de WhatsApp trocadas entre aliados do ex-presidente. Em uma delas, datada de 2 de janeiro de 2023, o major da Aeron\u00e1utica Maur\u00edcio Pazini Brand\u00e3o escreveu:<\/p>\n\n\n\n<blockquote class=\"wp-block-quote\"><p>\u201cO plano foi complementado com as contribui\u00e7\u00f5es de sua equipe. Aguardamos na esperan\u00e7a de que ser\u00e1 implementado. Bom dia. A \u2018minha tropa\u2019 (hehehehe) continua com \u2018sangue nos olhos\u2019\u2026 Bom dia. Feliz Ano Novo. Conversa hoje com o Amir. Desmobilizamos a tropa ou permanecemos em alerta?\u201d<\/p><\/blockquote>\n\n\n\n<p>O relat\u00f3rio da PF menciona a mensagem, mas n\u00e3o aponta qualquer resposta de Bolsonaro ou a\u00e7\u00f5es concretas que indiquem sua participa\u00e7\u00e3o nos ataques. Mesmo assim, a PGR afirma que a invas\u00e3o ao Congresso, ao Pal\u00e1cio do Planalto e ao STF foi\u00a0<strong>\u201cfomentada e facilitada\u201d<\/strong>\u00a0pelo grupo ligado ao ex-presidente.<\/p>\n\n\n\n<p>J\u00e1 Mauro Cid, considerado pe\u00e7a-chave da investiga\u00e7\u00e3o, negou rela\u00e7\u00e3o entre as mensagens e o ataque de 8 de janeiro. Em depoimento a Moraes, declarou:<\/p>\n\n\n\n<blockquote class=\"wp-block-quote\"><p>\u201cMinistro, o dia 8 foi uma surpresa para todo mundo. Os militares estavam de f\u00e9rias.\u201d<\/p><\/blockquote>\n\n\n\n<p>Apesar de a PF tratar Cid como um \u201cfio condutor\u201d da apura\u00e7\u00e3o, sua vers\u00e3o n\u00e3o foi considerada na den\u00fancia da PGR.<\/p>\n\n\n\n<p>Outro ponto em que a PGR extrapola as conclus\u00f5es da PF \u00e9 a suposta concord\u00e2ncia de Bolsonaro com o chamado plano&nbsp;<strong>\u201cPunhal Verde Amarelo\u201d<\/strong>, que previa o assassinato de Lula, Alckmin e Moraes.<\/p>\n\n\n\n<p>A PF concluiu que Bolsonaro teve ci\u00eancia da proposta porque o documento foi impresso pelo general da reserva Mario Fernandes dentro do Pal\u00e1cio do Planalto, em um per\u00edodo em que possivelmente se encontrou com o ent\u00e3o presidente. Por\u00e9m, o relat\u00f3rio da pol\u00edcia&nbsp;<strong>n\u00e3o afirma que Bolsonaro concordou com o plano<\/strong>.<\/p>\n\n\n\n<p>A PGR, no entanto, sustenta que ele&nbsp;<strong>n\u00e3o apenas soube, mas deu aval ao esquema<\/strong>. Para justificar essa acusa\u00e7\u00e3o, Gonet cita uma mensagem de Fernandes enviada a Mauro Cid, na qual o general diz ter falado com Bolsonaro e que&nbsp;<strong>\u201cqualquer a\u00e7\u00e3o\u201d<\/strong>&nbsp;poderia acontecer at\u00e9 31 de dezembro.<\/p>\n\n\n\n<p>Nos depoimentos mais recentes de sua dela\u00e7\u00e3o premiada, Mauro Cid foi questionado se Bolsonaro tinha conhecimento do plano e respondeu:<\/p>\n\n\n\n<blockquote class=\"wp-block-quote\"><p>\u201cEu n\u00e3o tenho ci\u00eancia se o presidente sabia ou n\u00e3o.\u201d<\/p><\/blockquote>\n\n\n\n<p>A posi\u00e7\u00e3o de Cid, que enfraquece a tese da PGR, tamb\u00e9m n\u00e3o foi levada em conta na den\u00fancia.<\/p>\n\n\n\n<p>A den\u00fancia tamb\u00e9m trata da participa\u00e7\u00e3o do general Estevam Theophilo, chefe do Comando de Opera\u00e7\u00f5es Terrestres do Ex\u00e9rcito no fim de 2022. A PF levantou a hip\u00f3tese de que o militar teria aceitado participar do golpe, desde que Bolsonaro assinasse um decreto formalizando a ruptura institucional.<\/p>\n\n\n\n<p>A principal evid\u00eancia \u00e9 uma mensagem de Mauro Cid enviada a um interlocutor:<\/p>\n\n\n\n<blockquote class=\"wp-block-quote\"><p>\u201cMas ele quer fazer\u2026 Desde que o Pr [presidente] assine.\u201d<\/p><\/blockquote>\n\n\n\n<p>Apesar dessa suspeita, a PF n\u00e3o afirmou de forma conclusiva que Theophilo estivesse disposto a concretizar o golpe. Em depoimento, Mauro Cid minimizou o envolvimento do militar e declarou:<\/p>\n\n\n\n<blockquote class=\"wp-block-quote\"><p>\u201cAt\u00e9 mesmo o general Theophilo comentou algumas vezes que ele n\u00e3o aceitaria assumir o Ex\u00e9rcito se o general Freire Gomes fosse retirado, at\u00e9 por lealdade a ele.\u201d<\/p><\/blockquote>\n\n\n\n<p>Mesmo assim, a PGR incluiu Theophilo na den\u00fancia, refor\u00e7ando a suspeita sobre sua ades\u00e3o ao golpe.<\/p>\n\n\n\n<p>A den\u00fancia da PGR contra Bolsonaro apresenta elementos que v\u00e3o al\u00e9m das conclus\u00f5es da Pol\u00edcia Federal, atribuindo ao ex-presidente um papel mais ativo nos atos de 8 de janeiro e na trama golpista.<\/p>\n\n\n\n<p>Enquanto a PF apontou Bolsonaro como instigador do clima de desordem, a Procuradoria o responsabiliza diretamente pelos ataques e pela anu\u00eancia a um plano de assassinato de autoridades, mesmo sem apresentar provas conclusivas al\u00e9m de mensagens que podem ter diferentes interpreta\u00e7\u00f5es.<\/p>\n","protected":false},"excerpt":{"rendered":"<p>Segundo o jornal\u00a0Folha de S. Paulo, a den\u00fancia apresentada pelo procurador-geral da Rep\u00fablica, Paulo Gonet, contra Jair Bolsonaro (PL) avan\u00e7a al\u00e9m das conclus\u00f5es da Pol\u00edcia Federal (PF) sobre os ataques de 8 de janeiro de 2023. A Procuradoria sustenta que o ex-presidente n\u00e3o apenas fomentou os atos antidemocr\u00e1ticos, mas tamb\u00e9m concordou com um plano para [&hellip;]<\/p>\n","protected":false},"author":2,"featured_media":21457,"comment_status":"open","ping_status":"open","sticky":false,"template":"","format":"standard","meta":[],"categories":[10],"tags":[13],"_links":{"self":[{"href":"https:\/\/dgospel.com.br\/portal\/index.php\/wp-json\/wp\/v2\/posts\/21456"}],"collection":[{"href":"https:\/\/dgospel.com.br\/portal\/index.php\/wp-json\/wp\/v2\/posts"}],"about":[{"href":"https:\/\/dgospel.com.br\/portal\/index.php\/wp-json\/wp\/v2\/types\/post"}],"author":[{"embeddable":true,"href":"https:\/\/dgospel.com.br\/portal\/index.php\/wp-json\/wp\/v2\/users\/2"}],"replies":[{"embeddable":true,"href":"https:\/\/dgospel.com.br\/portal\/index.php\/wp-json\/wp\/v2\/comments?post=21456"}],"version-history":[{"count":1,"href":"https:\/\/dgospel.com.br\/portal\/index.php\/wp-json\/wp\/v2\/posts\/21456\/revisions"}],"predecessor-version":[{"id":21458,"href":"https:\/\/dgospel.com.br\/portal\/index.php\/wp-json\/wp\/v2\/posts\/21456\/revisions\/21458"}],"wp:featuredmedia":[{"embeddable":true,"href":"https:\/\/dgospel.com.br\/portal\/index.php\/wp-json\/wp\/v2\/media\/21457"}],"wp:attachment":[{"href":"https:\/\/dgospel.com.br\/portal\/index.php\/wp-json\/wp\/v2\/media?parent=21456"}],"wp:term":[{"taxonomy":"category","embeddable":true,"href":"https:\/\/dgospel.com.br\/portal\/index.php\/wp-json\/wp\/v2\/categories?post=21456"},{"taxonomy":"post_tag","embeddable":true,"href":"https:\/\/dgospel.com.br\/portal\/index.php\/wp-json\/wp\/v2\/tags?post=21456"}],"curies":[{"name":"wp","href":"https:\/\/api.w.org\/{rel}","templated":true}]}}