{"id":2146,"date":"2018-12-22T20:37:27","date_gmt":"2018-12-22T22:37:27","guid":{"rendered":"http:\/\/dgospel.com.br\/portal\/?p=2146"},"modified":"2018-12-22T20:37:27","modified_gmt":"2018-12-22T22:37:27","slug":"comadec-distribui-brinquedos-e-panetones-para-familias-carentes","status":"publish","type":"post","link":"https:\/\/dgospel.com.br\/portal\/index.php\/2018\/12\/22\/comadec-distribui-brinquedos-e-panetones-para-familias-carentes\/","title":{"rendered":"COMADEC distribui brinquedos e panetones para fam\u00edlias carentes"},"content":{"rendered":"<p><img loading=\"lazy\" class=\"alignnone size-medium wp-image-2150\" src=\"http:\/\/dgospel.com.br\/portal\/wp-content\/uploads\/2018\/12\/0000000-4-300x146.jpg\" alt=\"\" width=\"300\" height=\"146\" srcset=\"https:\/\/dgospel.com.br\/portal\/wp-content\/uploads\/2018\/12\/0000000-4-300x146.jpg 300w, https:\/\/dgospel.com.br\/portal\/wp-content\/uploads\/2018\/12\/0000000-4-768x374.jpg 768w, https:\/\/dgospel.com.br\/portal\/wp-content\/uploads\/2018\/12\/0000000-4-1024x498.jpg 1024w, https:\/\/dgospel.com.br\/portal\/wp-content\/uploads\/2018\/12\/0000000-4.jpg 1032w\" sizes=\"(max-width: 300px) 100vw, 300px\" \/>O Congresso de Miss\u00f5es das Assembleias de Deus na Capital (COMADEC) promoveu uma a\u00e7\u00e3o social na tarde deste s\u00e1bado, 22, distribuindo brinquedos e panetones para fam\u00edlias carentes no setor Santa Helena, regi\u00e3o sul de Palmas. \u00a0A a\u00e7\u00e3o contou com o apoio do projeto Abala regi\u00e3o Sul e da deputada estadual Vanda Monteiro.<\/p>\n<p><img loading=\"lazy\" class=\"alignnone size-medium wp-image-2149\" src=\"http:\/\/dgospel.com.br\/portal\/wp-content\/uploads\/2018\/12\/0000-9-146x300.jpg\" alt=\"\" width=\"146\" height=\"300\" srcset=\"https:\/\/dgospel.com.br\/portal\/wp-content\/uploads\/2018\/12\/0000-9-146x300.jpg 146w, https:\/\/dgospel.com.br\/portal\/wp-content\/uploads\/2018\/12\/0000-9-498x1024.jpg 498w, https:\/\/dgospel.com.br\/portal\/wp-content\/uploads\/2018\/12\/0000-9.jpg 502w\" sizes=\"(max-width: 146px) 100vw, 146px\" \/>Para o presidente do COMADEC, pastor Josyvan Gomes, a a\u00e7\u00e3o social \u00e9 uma forma do Congresso desempenhar um papel de maior relev\u00e2ncia para a sociedade. \u201cO COMADEC, est\u00e1 fazendo o seu papel social, levando \u00e0s comunidades carente uma a\u00e7\u00e3o que pode gerar alegria para estas fam\u00edlias\u201d, disse.<\/p>\n<p><img loading=\"lazy\" class=\"alignnone size-medium wp-image-2151\" src=\"http:\/\/dgospel.com.br\/portal\/wp-content\/uploads\/2018\/12\/000-5-300x146.jpg\" alt=\"\" width=\"300\" height=\"146\" srcset=\"https:\/\/dgospel.com.br\/portal\/wp-content\/uploads\/2018\/12\/000-5-300x146.jpg 300w, https:\/\/dgospel.com.br\/portal\/wp-content\/uploads\/2018\/12\/000-5-768x374.jpg 768w, https:\/\/dgospel.com.br\/portal\/wp-content\/uploads\/2018\/12\/000-5-1024x498.jpg 1024w, https:\/\/dgospel.com.br\/portal\/wp-content\/uploads\/2018\/12\/000-5.jpg 1032w\" sizes=\"(max-width: 300px) 100vw, 300px\" \/>O COMADEC, \u00e9 realizado pela Igreja Assembleia de Deus Ciadseta, em Taquaralto, presidida pelo pastor Jos\u00e9 Teles Carneiro Filho, e acontece h\u00e1 26 anos durante o feriado de Carnaval. Atualmente o Congresso \u00e9 presidido pelo pastor Josyvan Gomes, que recentemente lan\u00e7ou o Comadec Social, visando atuar tamb\u00e9m na \u00e1rea social.<\/p>\n<p>\u201cEntendemos que este grande Congresso que \u00e9 realizado h\u00e1 26, resgatando almas para o Reino de Deus, tamb\u00e9m pode atuar na \u00e1rea social, por isso criamos o Comadec social, e estamos lan\u00e7ando o Projeto \u201cFa\u00e7a uma Crian\u00e7a\u201d, que tem o objetivo de arrecadar brinquedos e cestas b\u00e1sicas para distribuir para fam\u00edlias carentes.<\/p>\n<p>Segundo o pastor Josyvan Gomes, no dia 02 de fevereiro pr\u00f3ximo o COMADEC realizar\u00e1 uma grande a\u00e7\u00e3o com v\u00e1rios atendimentos. \u00a0\u201cEstamos nos organizando para realizarmos uma grande a\u00e7\u00e3o promovendo um dia de lazer, brincadeiras e a\u00e7\u00e3o social, como, atendimentos odontol\u00f3gicos, orienta\u00e7\u00e3o sobre sa\u00fade bucal, cortes de cabelos e outros\u201d<\/p>\n<p>\u201cAjudar \u00e0queles que necessitam, \u00e0s vezes com iniciativas simples, pode mudar totalmente sua vida. Com um sorriso, um abra\u00e7o, ou seja, com um brinquedo, cremos que podemos fazer muito mais.\u00a0Desta forma gostar\u00edamos de desafi\u00e1-lo a\u00a0impactar a vida de crian\u00e7as e talvez voc\u00ea perceba que neste processo a pessoa mais impactada seja voc\u00ea\u201d, disse o presidente do COMADEC.<\/p>\n<p>Para doar o seu brinquedo, ou cesta b\u00e1sica, ligue para os organizadores nos telefones (63) 98431-7018 ou 98467-4510.<\/p>\n","protected":false},"excerpt":{"rendered":"<p>O Congresso de Miss\u00f5es das Assembleias de Deus na Capital (COMADEC) promoveu uma a\u00e7\u00e3o social na tarde deste s\u00e1bado, 22, distribuindo brinquedos e panetones para fam\u00edlias carentes no setor Santa Helena, regi\u00e3o sul de Palmas. \u00a0A a\u00e7\u00e3o contou com o apoio do projeto Abala regi\u00e3o Sul e da deputada estadual Vanda Monteiro. Para o presidente [&hellip;]<\/p>\n","protected":false},"author":2,"featured_media":2148,"comment_status":"open","ping_status":"open","sticky":false,"template":"","format":"standard","meta":[],"categories":[2,5],"tags":[],"_links":{"self":[{"href":"https:\/\/dgospel.com.br\/portal\/index.php\/wp-json\/wp\/v2\/posts\/2146"}],"collection":[{"href":"https:\/\/dgospel.com.br\/portal\/index.php\/wp-json\/wp\/v2\/posts"}],"about":[{"href":"https:\/\/dgospel.com.br\/portal\/index.php\/wp-json\/wp\/v2\/types\/post"}],"author":[{"embeddable":true,"href":"https:\/\/dgospel.com.br\/portal\/index.php\/wp-json\/wp\/v2\/users\/2"}],"replies":[{"embeddable":true,"href":"https:\/\/dgospel.com.br\/portal\/index.php\/wp-json\/wp\/v2\/comments?post=2146"}],"version-history":[{"count":1,"href":"https:\/\/dgospel.com.br\/portal\/index.php\/wp-json\/wp\/v2\/posts\/2146\/revisions"}],"predecessor-version":[{"id":2152,"href":"https:\/\/dgospel.com.br\/portal\/index.php\/wp-json\/wp\/v2\/posts\/2146\/revisions\/2152"}],"wp:featuredmedia":[{"embeddable":true,"href":"https:\/\/dgospel.com.br\/portal\/index.php\/wp-json\/wp\/v2\/media\/2148"}],"wp:attachment":[{"href":"https:\/\/dgospel.com.br\/portal\/index.php\/wp-json\/wp\/v2\/media?parent=2146"}],"wp:term":[{"taxonomy":"category","embeddable":true,"href":"https:\/\/dgospel.com.br\/portal\/index.php\/wp-json\/wp\/v2\/categories?post=2146"},{"taxonomy":"post_tag","embeddable":true,"href":"https:\/\/dgospel.com.br\/portal\/index.php\/wp-json\/wp\/v2\/tags?post=2146"}],"curies":[{"name":"wp","href":"https:\/\/api.w.org\/{rel}","templated":true}]}}