{"id":21463,"date":"2025-02-21T16:22:47","date_gmt":"2025-02-21T19:22:47","guid":{"rendered":"https:\/\/dgospel.com.br\/portal\/?p=21463"},"modified":"2025-02-21T16:22:48","modified_gmt":"2025-02-21T19:22:48","slug":"governo-do-tocantins-apresenta-novo-programa-de-capacitacao-em-parceria-com-google","status":"publish","type":"post","link":"https:\/\/dgospel.com.br\/portal\/index.php\/2025\/02\/21\/governo-do-tocantins-apresenta-novo-programa-de-capacitacao-em-parceria-com-google\/","title":{"rendered":"Governo do Tocantins apresenta novo programa de capacita\u00e7\u00e3o em parceria com Google"},"content":{"rendered":"\n<p>A Secretaria de Estado da Administra\u00e7\u00e3o (Secad), por meio da Escola de Governo do Tocantins (Egov\/TO), realizou nesta quinta-feira, 20, reuni\u00e3o&nbsp;<em>on-line<\/em>&nbsp;com os setores de Gest\u00e3o de Pessoas\/RH dos \u00f3rg\u00e3os e entidades para apresentar o programa&nbsp;<em>Cres\u00e7a com o Google<\/em>. O objetivo do encontro foi orientar quanto \u00e0 sele\u00e7\u00e3o de servidores aptos a participarem dos cursos, sendo que 56 t\u00e9cnicos participaram do momento.<\/p>\n\n\n\n<p>O programa&nbsp;<em>Cres\u00e7a com o Google<\/em>&nbsp;\u00e9 realizado por meio da parceria com a Escola Nacional de Administra\u00e7\u00e3o P\u00fablica (Enap), com o Conselho Nacional de Secret\u00e1rios de Estado da Administra\u00e7\u00e3o (Consad) e o Google, o qual ofertar\u00e1 cursos destinados aos servidores do Poder Executivo Estadual que atuam nas \u00e1reas de tecnologia da informa\u00e7\u00e3o, an\u00e1lise de dados, intelig\u00eancia artificial e gerenciamento de projetos.<\/p>\n\n\n\n<p>Conforme apontado no decorrer da reuni\u00e3o, a sele\u00e7\u00e3o dever\u00e1 atender ao perfil de servidor definido pelo Programa. Os cursos a serem disponibilizados ser\u00e3o gratuitos, ofertados na modalidade de ensino a dist\u00e2ncia, com certifica\u00e7\u00e3o profissional emitida via plataforma Coursera\/Egov, e ter\u00e3o dura\u00e7\u00e3o de 6 meses (abril a setembro\/2025).<\/p>\n\n\n\n<p>Essa iniciativa fortalece a implementa\u00e7\u00e3o das a\u00e7\u00f5es dos eixos&nbsp;<em>Gest\u00e3o P\u00fablica<\/em>&nbsp;e&nbsp;<em>Transforma\u00e7\u00e3o Digita<\/em>l do Plano Consolidado de Capacita\u00e7\u00e3o e Desenvolvimento dos Servidores do Poder Executivo Estadual 2025, que tem por objetivo orientar as a\u00e7\u00f5es de capacita\u00e7\u00e3o continuada com foco no desenvolvimento de compet\u00eancias gerais, abrangendo conhecimentos, habilidades e atitudes essenciais para todos os agentes p\u00fablicos, independentemente de sua lota\u00e7\u00e3o, cargo ou fun\u00e7\u00e3o.<\/p>\n\n\n\n<p>O diretor da Escola de Governo, Eliardo Rodrigues, ressaltou a relev\u00e2ncia da parceria com institui\u00e7\u00f5es de prest\u00edgio, enfatizando que essa colabora\u00e7\u00e3o fortalece a qualifica\u00e7\u00e3o dos servidores e contribui para a excel\u00eancia na gest\u00e3o p\u00fablica. \u201cEssa parceria com institui\u00e7\u00f5es renomadas \u00e9 um passo fundamental para aprimorar a capacita\u00e7\u00e3o dos nossos servidores. Acreditamos que, ao unir for\u00e7as com entidades de excel\u00eancia, estamos investindo no desenvolvimento de uma gest\u00e3o p\u00fablica mais eficiente\u201d, frisou.<\/p>\n\n\n\n<p>Os servidores interessados devem procurar o setor de Gest\u00e3o de Pessoas\/RH do \u00d3rg\u00e3o de lota\u00e7\u00e3o para obter mais informa\u00e7\u00f5es e manifestar seu interesse.<\/p>\n","protected":false},"excerpt":{"rendered":"<p>A Secretaria de Estado da Administra\u00e7\u00e3o (Secad), por meio da Escola de Governo do Tocantins (Egov\/TO), realizou nesta quinta-feira, 20, reuni\u00e3o&nbsp;on-line&nbsp;com os setores de Gest\u00e3o de Pessoas\/RH dos \u00f3rg\u00e3os e entidades para apresentar o programa&nbsp;Cres\u00e7a com o Google. O objetivo do encontro foi orientar quanto \u00e0 sele\u00e7\u00e3o de servidores aptos a participarem dos cursos, sendo [&hellip;]<\/p>\n","protected":false},"author":2,"featured_media":21464,"comment_status":"open","ping_status":"open","sticky":false,"template":"","format":"standard","meta":[],"categories":[3],"tags":[13],"_links":{"self":[{"href":"https:\/\/dgospel.com.br\/portal\/index.php\/wp-json\/wp\/v2\/posts\/21463"}],"collection":[{"href":"https:\/\/dgospel.com.br\/portal\/index.php\/wp-json\/wp\/v2\/posts"}],"about":[{"href":"https:\/\/dgospel.com.br\/portal\/index.php\/wp-json\/wp\/v2\/types\/post"}],"author":[{"embeddable":true,"href":"https:\/\/dgospel.com.br\/portal\/index.php\/wp-json\/wp\/v2\/users\/2"}],"replies":[{"embeddable":true,"href":"https:\/\/dgospel.com.br\/portal\/index.php\/wp-json\/wp\/v2\/comments?post=21463"}],"version-history":[{"count":1,"href":"https:\/\/dgospel.com.br\/portal\/index.php\/wp-json\/wp\/v2\/posts\/21463\/revisions"}],"predecessor-version":[{"id":21465,"href":"https:\/\/dgospel.com.br\/portal\/index.php\/wp-json\/wp\/v2\/posts\/21463\/revisions\/21465"}],"wp:featuredmedia":[{"embeddable":true,"href":"https:\/\/dgospel.com.br\/portal\/index.php\/wp-json\/wp\/v2\/media\/21464"}],"wp:attachment":[{"href":"https:\/\/dgospel.com.br\/portal\/index.php\/wp-json\/wp\/v2\/media?parent=21463"}],"wp:term":[{"taxonomy":"category","embeddable":true,"href":"https:\/\/dgospel.com.br\/portal\/index.php\/wp-json\/wp\/v2\/categories?post=21463"},{"taxonomy":"post_tag","embeddable":true,"href":"https:\/\/dgospel.com.br\/portal\/index.php\/wp-json\/wp\/v2\/tags?post=21463"}],"curies":[{"name":"wp","href":"https:\/\/api.w.org\/{rel}","templated":true}]}}