{"id":21466,"date":"2025-02-21T16:25:36","date_gmt":"2025-02-21T19:25:36","guid":{"rendered":"https:\/\/dgospel.com.br\/portal\/?p=21466"},"modified":"2025-02-21T16:25:37","modified_gmt":"2025-02-21T19:25:37","slug":"governo-do-tocantins-articula-investimentos-e-parcerias-estrategicas-para-o-fortalecimento-do-turismo-no-estado","status":"publish","type":"post","link":"https:\/\/dgospel.com.br\/portal\/index.php\/2025\/02\/21\/governo-do-tocantins-articula-investimentos-e-parcerias-estrategicas-para-o-fortalecimento-do-turismo-no-estado\/","title":{"rendered":"Governo do Tocantins articula investimentos e parcerias estrat\u00e9gicas para o fortalecimento do turismo no estado"},"content":{"rendered":"\n<p>O Governo do Tocantins, por meio do secret\u00e1rio de Turismo do Tocantins, Hercy Filho, esteve reunido nesta quinta-feira, 20, em Bras\u00edlia\/DF, com representantes do Minist\u00e9rio do Turismo (MTur) e da Confedera\u00e7\u00e3o Nacional dos Munic\u00edpios (CNM), para discutir a\u00e7\u00f5es e planejar estrat\u00e9gias que visam ao fortalecimento do turismo no estado.<\/p>\n\n\n\n<p>Entre os temas abordados na reuni\u00e3o com a coordenadora-geral de Atra\u00e7\u00e3o de Investimentos do Mtur, Cinthia Marques, estavam a internacionaliza\u00e7\u00e3o dos atrativos locais por meio da participa\u00e7\u00e3o em feiras internacionais, como a Bolsa de Turismo de Lisboa (BTL), em Portugal, e eventos em Madrid e Porto; a promo\u00e7\u00e3o da Amaz\u00f4nia como um destino integrado na Europa;&nbsp;a import\u00e2ncia da sustentabilidade e dos incentivos fiscais; e estrat\u00e9gias para aumentar a participa\u00e7\u00e3o em eventos globais, visando captar mais recursos e investidores para a regi\u00e3o Norte.<\/p>\n\n\n\n<p>Foi discutida ainda a capta\u00e7\u00e3o de investimentos privados para projetos tur\u00edsticos em estados e munic\u00edpios, com a cria\u00e7\u00e3o de um portal de investimentos para apresentar projetos a investidores. A reuni\u00e3o tamb\u00e9m tratou das concess\u00f5es de ativos naturais e culturais, que visam incentivar a gest\u00e3o privada na melhoria da infraestrutura tur\u00edstica, como parques naturais e reservas extrativistas. E foi abordada a import\u00e2ncia da&nbsp;coopera\u00e7\u00e3o com o Banco Interamericano de Desenvolvimento (BID) para a estrutura\u00e7\u00e3o de projetos sustent\u00e1veis.<\/p>\n\n\n\n<p>Por fim, em reuni\u00e3o com outra equipe do Mtur, foram analisadas a promo\u00e7\u00e3o e a participa\u00e7\u00e3o do Tocantins, e demais estados, no&nbsp;<em>Sal\u00e3o Nacional do Turismo<\/em>, que deve ocorrer entre os dias 21 e 23 de agosto, em S\u00e3o Paulo.&nbsp;A expectativa \u00e9 que o Tocantins leve os encantos das belezas naturais e toda a for\u00e7a cultural a mais uma edi\u00e7\u00e3o do evento, promovendo e valorizando as riquezas do estado.<\/p>\n\n\n\n<p>\u201cEssas iniciativas refletem um compromisso cont\u00ednuo com o desenvolvimento do turismo no Tocantins e na regi\u00e3o amaz\u00f4nica, buscando n\u00e3o apenas atrair investimentos, mas melhorar a qualidade de vida das comunidades. O Governo do Tocantins busca cada vez mais ampliar a atividade tur\u00edstica como forma de desenvolver a economia no estado\u201d, frisou o secret\u00e1rio Hercy Filho, ao enfatizar que essa \u00e9 uma das prioridades do governador Wanderlei Barbosa.<\/p>\n\n\n\n<p><strong>Reuni\u00e3o na CNM<\/strong><\/p>\n\n\n\n<p>Ainda, o secret\u00e1rio de Estado do Turismo, Hercy Filho, esteve reunido com representantes da Confedera\u00e7\u00e3o Nacional dos Munic\u00edpios (CNM) para discutir passos importantes para o avan\u00e7o do turismo nos munic\u00edpios tocantinenses. A reuni\u00e3o enfatizou a relev\u00e2ncia do Mapa do Turismo e a necessidade de qualifica\u00e7\u00e3o dos gestores municipais. Foram abordadas a cria\u00e7\u00e3o de rotas tur\u00edsticas estrat\u00e9gicas e formas de capta\u00e7\u00e3o de recursos, al\u00e9m de estrat\u00e9gias para promover o turismo durante a Marcha dos Prefeitos e parcerias para aumentar a presen\u00e7a do setor em eventos nacionais e internacionais.<\/p>\n\n\n\n<p><img src=\"https:\/\/central.to.gov.br\/image\/413885?w=670&amp;h=414\"><\/p>\n\n\n\n<p>Secret\u00e1rio Hercy Filho tamb\u00e9m esteve na Confedera\u00e7\u00e3o Nacional dos Munic\u00edpios (CNM) &#8211; Thiago Cruz\/Governo do Tocantins&nbsp;<a href=\"https:\/\/central.to.gov.br\/image\/413885?f=1\" target=\"_blank\" rel=\"noreferrer noopener\"><em>file_download<\/em><\/a><\/p>\n\n\n\n<p><img src=\"https:\/\/central.to.gov.br\/image\/413884?w=670&amp;h=414\"><\/p>\n\n\n\n<p>Sal\u00e3o Nacional do Turismo tamb\u00e9m foi tema de reuni\u00e3o no Minist\u00e9rio do Turismo &#8211; Thiago Cruz\/Governo do Tocantins&nbsp;<a href=\"https:\/\/central.to.gov.br\/image\/413884?f=1\" target=\"_blank\" rel=\"noreferrer noopener\"><em>fi<\/em><\/a><\/p>\n","protected":false},"excerpt":{"rendered":"<p>O Governo do Tocantins, por meio do secret\u00e1rio de Turismo do Tocantins, Hercy Filho, esteve reunido nesta quinta-feira, 20, em Bras\u00edlia\/DF, com representantes do Minist\u00e9rio do Turismo (MTur) e da Confedera\u00e7\u00e3o Nacional dos Munic\u00edpios (CNM), para discutir a\u00e7\u00f5es e planejar estrat\u00e9gias que visam ao fortalecimento do turismo no estado. Entre os temas abordados na reuni\u00e3o [&hellip;]<\/p>\n","protected":false},"author":2,"featured_media":21467,"comment_status":"open","ping_status":"open","sticky":false,"template":"","format":"standard","meta":[],"categories":[3],"tags":[13],"_links":{"self":[{"href":"https:\/\/dgospel.com.br\/portal\/index.php\/wp-json\/wp\/v2\/posts\/21466"}],"collection":[{"href":"https:\/\/dgospel.com.br\/portal\/index.php\/wp-json\/wp\/v2\/posts"}],"about":[{"href":"https:\/\/dgospel.com.br\/portal\/index.php\/wp-json\/wp\/v2\/types\/post"}],"author":[{"embeddable":true,"href":"https:\/\/dgospel.com.br\/portal\/index.php\/wp-json\/wp\/v2\/users\/2"}],"replies":[{"embeddable":true,"href":"https:\/\/dgospel.com.br\/portal\/index.php\/wp-json\/wp\/v2\/comments?post=21466"}],"version-history":[{"count":1,"href":"https:\/\/dgospel.com.br\/portal\/index.php\/wp-json\/wp\/v2\/posts\/21466\/revisions"}],"predecessor-version":[{"id":21468,"href":"https:\/\/dgospel.com.br\/portal\/index.php\/wp-json\/wp\/v2\/posts\/21466\/revisions\/21468"}],"wp:featuredmedia":[{"embeddable":true,"href":"https:\/\/dgospel.com.br\/portal\/index.php\/wp-json\/wp\/v2\/media\/21467"}],"wp:attachment":[{"href":"https:\/\/dgospel.com.br\/portal\/index.php\/wp-json\/wp\/v2\/media?parent=21466"}],"wp:term":[{"taxonomy":"category","embeddable":true,"href":"https:\/\/dgospel.com.br\/portal\/index.php\/wp-json\/wp\/v2\/categories?post=21466"},{"taxonomy":"post_tag","embeddable":true,"href":"https:\/\/dgospel.com.br\/portal\/index.php\/wp-json\/wp\/v2\/tags?post=21466"}],"curies":[{"name":"wp","href":"https:\/\/api.w.org\/{rel}","templated":true}]}}