{"id":21469,"date":"2025-02-21T16:28:24","date_gmt":"2025-02-21T19:28:24","guid":{"rendered":"https:\/\/dgospel.com.br\/portal\/?p=21469"},"modified":"2025-02-21T16:28:26","modified_gmt":"2025-02-21T19:28:26","slug":"governo-do-tocantins-orienta-municipios-impactados-pela-queda-da-ponte-jk-sobre-prevencao-de-doencas","status":"publish","type":"post","link":"https:\/\/dgospel.com.br\/portal\/index.php\/2025\/02\/21\/governo-do-tocantins-orienta-municipios-impactados-pela-queda-da-ponte-jk-sobre-prevencao-de-doencas\/","title":{"rendered":"Governo do Tocantins orienta munic\u00edpios impactados pela queda da ponte JK sobre preven\u00e7\u00e3o de doen\u00e7as"},"content":{"rendered":"\n<p>Para promo\u00e7\u00e3o de assist\u00eancia ininterrupta e pontual, bem como para a realiza\u00e7\u00e3o de a\u00e7\u00f5es de preven\u00e7\u00e3o, o Governo do Tocantins, por meio da Secretaria de Estado da Sa\u00fade (SES\/TO), reuniu-se, nesta semana, com os representantes dos munic\u00edpios impactados pela queda da ponte Juscelino Kubitschek de Oliveira, que liga os estados do Tocantins e do Maranh\u00e3o. O encontro ocorreu na sede da Pasta e teve a participa\u00e7\u00e3o do Conselho de Secret\u00e1rios Municipais de Sa\u00fade (Cosems), do Distrito Sanit\u00e1rio Especial Ind\u00edgena (Disei) e do Minist\u00e9rio da Sa\u00fade (MS).<\/p>\n\n\n\n<p>\u201cNossas equipes de Vigil\u00e2ncia j\u00e1 est\u00e3o na regi\u00e3o realizando orienta\u00e7\u00f5es para preven\u00e7\u00e3o de doen\u00e7as e agravos. Nesta semana, debatemos parceira para os gargalos assistenciais que os munic\u00edpios est\u00e3o enfrentando agora. O governador Wanderlei Barbosa j\u00e1 esteve no local por v\u00e1rias vezes e fez tratativas com o estado vizinho e o Governo Federal\u201d, afirmou o secret\u00e1rio de Estado da Sa\u00fade, Carlos Felinto.<\/p>\n\n\n\n<p>Segundo o secret\u00e1rio de sa\u00fade de Aguiarn\u00f3polis e diretor financeiro do Cosems, Jarmondes Carlos da Silva \u00e9 muito importante esse suporte da Gest\u00e3o Estadual direcionado \u00e0 popula\u00e7\u00e3o. &#8220;O apoio cont\u00ednuo do Governo do Tocantins tem sido fundamental. Esse suporte \u00e9 de extrema import\u00e2ncia para o avan\u00e7o da sa\u00fade dos moradores e dos visitantes&#8221;, ressaltou.<\/p>\n\n\n\n<p>O superintendente do MS no Tocantins, Relmivam Milhomem, pontuou que, \u201cas equipes do Minist\u00e9rio tamb\u00e9m est\u00e3o no local desde o acontecimento da queda e estamos alinhando as melhores estrat\u00e9gias para garantir uma sa\u00fade p\u00fablica de qualidade e manter a popula\u00e7\u00e3o bem assistida\u201d.<\/p>\n\n\n\n<p>No encontro, com participa\u00e7\u00e3o dos munic\u00edpios de Palmeiras, Tocantin\u00f3polis e Filad\u00e9lfia, foi definida uma nova reuni\u00e3o na segunda-feira, 24, quando ser\u00e3o apresentadas as a\u00e7\u00f5es j\u00e1 realizadas, as iniciadas e as demandas a serem atendidas para a elabora\u00e7\u00e3o de um plano de a\u00e7\u00e3o a ser implementado.<\/p>\n\n\n\n<p><strong>A trag\u00e9dia<\/strong><\/p>\n\n\n\n<p>Em 22 de dezembro de 2024, a ponte Juscelino Kubitschek de Oliveira, que conectava os munic\u00edpios de Estreito\/MA e Aguiarn\u00f3polis\/TO desabou, resultando em uma trag\u00e9dia com mortes e desaparecimento de pessoas. O colapso ocorreu no trecho central da ponte de 533 metros, constru\u00edda na d\u00e9cada de 1960, levando diversos ve\u00edculos a ca\u00edrem no Rio Tocantins.<\/p>\n\n\n\n<p><img src=\"https:\/\/central.to.gov.br\/image\/413988?w=670&amp;h=414\"><\/p>\n\n\n\n<p>Reuni\u00e3o ocorreu nesta semana na sede da SES\/TO &#8211; Erlene Miranda\/Governo do Tocantins&nbsp;<\/p>\n","protected":false},"excerpt":{"rendered":"<p>Para promo\u00e7\u00e3o de assist\u00eancia ininterrupta e pontual, bem como para a realiza\u00e7\u00e3o de a\u00e7\u00f5es de preven\u00e7\u00e3o, o Governo do Tocantins, por meio da Secretaria de Estado da Sa\u00fade (SES\/TO), reuniu-se, nesta semana, com os representantes dos munic\u00edpios impactados pela queda da ponte Juscelino Kubitschek de Oliveira, que liga os estados do Tocantins e do Maranh\u00e3o. [&hellip;]<\/p>\n","protected":false},"author":2,"featured_media":21471,"comment_status":"open","ping_status":"open","sticky":false,"template":"","format":"standard","meta":[],"categories":[3],"tags":[13],"_links":{"self":[{"href":"https:\/\/dgospel.com.br\/portal\/index.php\/wp-json\/wp\/v2\/posts\/21469"}],"collection":[{"href":"https:\/\/dgospel.com.br\/portal\/index.php\/wp-json\/wp\/v2\/posts"}],"about":[{"href":"https:\/\/dgospel.com.br\/portal\/index.php\/wp-json\/wp\/v2\/types\/post"}],"author":[{"embeddable":true,"href":"https:\/\/dgospel.com.br\/portal\/index.php\/wp-json\/wp\/v2\/users\/2"}],"replies":[{"embeddable":true,"href":"https:\/\/dgospel.com.br\/portal\/index.php\/wp-json\/wp\/v2\/comments?post=21469"}],"version-history":[{"count":1,"href":"https:\/\/dgospel.com.br\/portal\/index.php\/wp-json\/wp\/v2\/posts\/21469\/revisions"}],"predecessor-version":[{"id":21472,"href":"https:\/\/dgospel.com.br\/portal\/index.php\/wp-json\/wp\/v2\/posts\/21469\/revisions\/21472"}],"wp:featuredmedia":[{"embeddable":true,"href":"https:\/\/dgospel.com.br\/portal\/index.php\/wp-json\/wp\/v2\/media\/21471"}],"wp:attachment":[{"href":"https:\/\/dgospel.com.br\/portal\/index.php\/wp-json\/wp\/v2\/media?parent=21469"}],"wp:term":[{"taxonomy":"category","embeddable":true,"href":"https:\/\/dgospel.com.br\/portal\/index.php\/wp-json\/wp\/v2\/categories?post=21469"},{"taxonomy":"post_tag","embeddable":true,"href":"https:\/\/dgospel.com.br\/portal\/index.php\/wp-json\/wp\/v2\/tags?post=21469"}],"curies":[{"name":"wp","href":"https:\/\/api.w.org\/{rel}","templated":true}]}}