{"id":21473,"date":"2025-02-21T16:32:58","date_gmt":"2025-02-21T19:32:58","guid":{"rendered":"https:\/\/dgospel.com.br\/portal\/?p=21473"},"modified":"2025-02-21T16:32:59","modified_gmt":"2025-02-21T19:32:59","slug":"governo-do-tocantins-recebe-r-40-milhoes-para-investimentos-na-saude","status":"publish","type":"post","link":"https:\/\/dgospel.com.br\/portal\/index.php\/2025\/02\/21\/governo-do-tocantins-recebe-r-40-milhoes-para-investimentos-na-saude\/","title":{"rendered":"Governo do Tocantins recebe R$ 40 milh\u00f5es para investimentos na sa\u00fade"},"content":{"rendered":"\n<p>Com recurso no valor de R$ 40.450.000,00, assegurado por meio de articula\u00e7\u00e3o do governador Wanderlei Barbosa, a sa\u00fade da popula\u00e7\u00e3o tocantinense recebeu um refor\u00e7o financeiro importante com o pagamento de uma emenda de bancada ao Fundo Estadual de Sa\u00fade. A demanda contou com atua\u00e7\u00e3o da senadora professora Dorinha, coordenadora da bancada federal do Tocantins, que liderou as negocia\u00e7\u00f5es para sua libera\u00e7\u00e3o. A Secretaria Extraordin\u00e1ria de Representa\u00e7\u00e3o do Tocantins em Bras\u00edlia (Serb) tamb\u00e9m desempenhou um papel estrat\u00e9gico no acompanhamento t\u00e9cnico e pol\u00edtico do processo.<\/p>\n\n\n\n<p>O investimento permitir\u00e1 a realiza\u00e7\u00e3o de mutir\u00f5es de cirurgias eletivas, reduzindo a fila de espera e proporcionando mais qualidade de vida aos pacientes. Al\u00e9m disso, parte do valor ser\u00e1 destinada ao custeio de assist\u00eancia hospitalar e ambulatorial, fortalecimento de unidades de m\u00e9dia e alta complexidade e a amplia\u00e7\u00e3o do acesso \u00e0 servi\u00e7os essenciais para a popula\u00e7\u00e3o.<\/p>\n\n\n\n<p>O governador do Tocantins, Wanderlei Barbosa, ressalta sobre a aplica\u00e7\u00e3o do recurso para a sa\u00fade. \u201cCom a libera\u00e7\u00e3o de R$ 40 milh\u00f5es, o Governo do Tocantins refor\u00e7a a estrutura da sa\u00fade no estado. A aplica\u00e7\u00e3o desse recurso ser\u00e1 monitorada de perto, assegurando sua utiliza\u00e7\u00e3o com efici\u00eancia, sempre com o objetivo de melhorar a qualidade de vida da popula\u00e7\u00e3o tocantinense\u201d, pontua o Governador.<\/p>\n\n\n\n<p><strong>Bancada Federal<\/strong><\/p>\n\n\n\n<p>Os recursos foram viabilizados por meio da atua\u00e7\u00e3o da bancada federal do Tocantins, com investimentos da senadora Professora Dorinha e dos deputados federais Alexandre Guimar\u00e3es, Ant\u00f4nio Andrade, Eli Borges, L\u00e1zaro Botelho, Ricardo Ayres, Felipe Martins, Carlos Henrique Gaguim e Vicentinho J\u00fanior, que destinaram emendas para fortalecer a sa\u00fade do estado.<\/p>\n\n\n\n<p>O titular da Serb, Carlos Manzini J\u00fanior, destaca a import\u00e2ncia dessa conquista para a sa\u00fade do estado. \u201cA libera\u00e7\u00e3o desse investimento demonstra a for\u00e7a do trabalho conjunto entre o governo estadual, a bancada federal e a Serb. Nosso compromisso \u00e9 garantir que esses recursos sejam aplicados de forma eficiente, fortalecendo a estrutura hospitalar, ampliando o atendimento e proporcionando mais qualidade de vida \u00e0 popula\u00e7\u00e3o. Seguimos atuando para viabilizar cada vez mais investimentos e aprimorar os servi\u00e7os p\u00fablicos no Tocantins\u201d, afirma o secret\u00e1rio.<\/p>\n\n\n\n<p>Segundo o secret\u00e1rio de Estado da Sa\u00fade, Carlos Felinto, \u201ca execu\u00e7\u00e3o das a\u00e7\u00f5es e servi\u00e7os de sa\u00fade de m\u00e9dia e alta complexidade que no Tocantins, em quase sua totalidade \u00e9 feita pela gest\u00e3o estadual, requer um maior aporte de recursos federais para somar aos do Tesouro Estadual, como Incremento Tempor\u00e1rio de&nbsp;Emendas MAC. Diante disso, \u00e9 muito importante o olhar dos parlamentares da bancada tocantinense em destinar verbas para a sa\u00fade do Estado. Esse valor ser\u00e1 usado no custeio da manuten\u00e7\u00e3o, implanta\u00e7\u00e3o e amplia\u00e7\u00e3o da oferta de servi\u00e7os&nbsp;especializados, dentro das diretrizes do Planejamento da Secretaria, para o ano de 2025\u201d.<\/p>\n\n\n\n<p>O repasse j\u00e1 foi realizado e a expectativa \u00e9 que as a\u00e7\u00f5es sejam implementadas nos pr\u00f3ximos meses, trazendo impactos positivos para milhares de tocantinenses. Essa conquista se tornou poss\u00edvel com o esfor\u00e7o conjunto entre o Governo do Tocantins, a bancada federal e a Serb, reafirmando o compromisso com a sa\u00fade p\u00fablica e a melhoria cont\u00ednua dos servi\u00e7os prestados \u00e0 popula\u00e7\u00e3o.<\/p>\n\n\n\n<p><img src=\"https:\/\/central.to.gov.br\/image\/414053?w=670&amp;h=414\"><\/p>\n\n\n\n<p>Governador Wanderlei Barbosa e a senadora professora Dorinha em reuni\u00e3o de alinhamento com a bancada federal &#8211; Thiago Cruz\/Governo do Tocantins&nbsp;<a href=\"https:\/\/central.to.gov.br\/image\/414053?f=1\" target=\"_blank\" rel=\"noreferrer noopener\"><em>file_download<\/em><\/a><\/p>\n\n\n\n<p><img src=\"https:\/\/central.to.gov.br\/image\/414052?w=670&amp;h=414\"><\/p>\n\n\n\n<p>Reuni\u00e3o de alinhamento para recurso que foi destinado a fortalecer o sistema de sa\u00fade &#8211; Thiago Cruz\/Governo do Tocantins&nbsp;<a href=\"https:\/\/central.to.gov.br\/image\/414052?f=1\" target=\"_blank\" rel=\"noreferrer noopener\"><em>file_download<\/em><\/a><a href=\"javascript:\"><em>keyboard_arrow_up<\/em><\/a><\/p>\n","protected":false},"excerpt":{"rendered":"<p>Com recurso no valor de R$ 40.450.000,00, assegurado por meio de articula\u00e7\u00e3o do governador Wanderlei Barbosa, a sa\u00fade da popula\u00e7\u00e3o tocantinense recebeu um refor\u00e7o financeiro importante com o pagamento de uma emenda de bancada ao Fundo Estadual de Sa\u00fade. A demanda contou com atua\u00e7\u00e3o da senadora professora Dorinha, coordenadora da bancada federal do Tocantins, que [&hellip;]<\/p>\n","protected":false},"author":2,"featured_media":21474,"comment_status":"open","ping_status":"open","sticky":false,"template":"","format":"standard","meta":[],"categories":[3],"tags":[13],"_links":{"self":[{"href":"https:\/\/dgospel.com.br\/portal\/index.php\/wp-json\/wp\/v2\/posts\/21473"}],"collection":[{"href":"https:\/\/dgospel.com.br\/portal\/index.php\/wp-json\/wp\/v2\/posts"}],"about":[{"href":"https:\/\/dgospel.com.br\/portal\/index.php\/wp-json\/wp\/v2\/types\/post"}],"author":[{"embeddable":true,"href":"https:\/\/dgospel.com.br\/portal\/index.php\/wp-json\/wp\/v2\/users\/2"}],"replies":[{"embeddable":true,"href":"https:\/\/dgospel.com.br\/portal\/index.php\/wp-json\/wp\/v2\/comments?post=21473"}],"version-history":[{"count":1,"href":"https:\/\/dgospel.com.br\/portal\/index.php\/wp-json\/wp\/v2\/posts\/21473\/revisions"}],"predecessor-version":[{"id":21475,"href":"https:\/\/dgospel.com.br\/portal\/index.php\/wp-json\/wp\/v2\/posts\/21473\/revisions\/21475"}],"wp:featuredmedia":[{"embeddable":true,"href":"https:\/\/dgospel.com.br\/portal\/index.php\/wp-json\/wp\/v2\/media\/21474"}],"wp:attachment":[{"href":"https:\/\/dgospel.com.br\/portal\/index.php\/wp-json\/wp\/v2\/media?parent=21473"}],"wp:term":[{"taxonomy":"category","embeddable":true,"href":"https:\/\/dgospel.com.br\/portal\/index.php\/wp-json\/wp\/v2\/categories?post=21473"},{"taxonomy":"post_tag","embeddable":true,"href":"https:\/\/dgospel.com.br\/portal\/index.php\/wp-json\/wp\/v2\/tags?post=21473"}],"curies":[{"name":"wp","href":"https:\/\/api.w.org\/{rel}","templated":true}]}}