{"id":21476,"date":"2025-02-24T10:08:27","date_gmt":"2025-02-24T13:08:27","guid":{"rendered":"https:\/\/dgospel.com.br\/portal\/?p=21476"},"modified":"2025-02-24T10:08:28","modified_gmt":"2025-02-24T13:08:28","slug":"na-cpac-milei-afirma-que-usaid-bancou-fraude-eleitoral-no-brasil","status":"publish","type":"post","link":"https:\/\/dgospel.com.br\/portal\/index.php\/2025\/02\/24\/na-cpac-milei-afirma-que-usaid-bancou-fraude-eleitoral-no-brasil\/","title":{"rendered":"Na CPAC, Milei afirma que Usaid bancou fraude eleitoral no Brasil"},"content":{"rendered":"\n<p>Durante seu discurso, neste s\u00e1bado (22), na&nbsp;<a href=\"https:\/\/pleno.news\/tag\/cpac\" target=\"_blank\" rel=\"noreferrer noopener\">CPAC<\/a>&nbsp;(Conservative Political Action Conference, ou Confer\u00eancia Pol\u00edtica da A\u00e7\u00e3o Conservadora, em portugu\u00eas), maior confer\u00eancia de conservadores do mundo, o presidente da Argentina,&nbsp;<a href=\"https:\/\/pleno.news\/tag\/javier-milei\" target=\"_blank\" rel=\"noreferrer noopener\">Javier Milei<\/a>, falou sobre o esc\u00e2ndalo da Usaid e disse que a ag\u00eancia foi usada para, entre outros prop\u00f3sitos, financiar \u201cfraudes eleitorais no Brasil\u201d.<\/p>\n\n\n\n<p>\u2013 As m\u00faltiplas ONGs, que vivem dos nossos impostos, dos subs\u00eddios \u00e0 cultura para produzir propaganda e aqui nos Estados Unidos, o esc\u00e2ndalo da Usaid, que destinava milh\u00f5es de d\u00f3lares dos pagadores de impostos para financiar revistas e canais de televis\u00e3o, fraudes eleitorais como no Brasil ou governos com aspira\u00e7\u00f5es discriminat\u00f3rias como o da \u00c1frica do Sul \u2013 disse Milei.<\/p>\n\n\n\n<blockquote class=\"wp-block-quote\"><p>&nbsp;Ver essa foto no Instagram<\/p><p>&nbsp;<\/p><p><a href=\"https:\/\/www.instagram.com\/reel\/DGarpfFB58s\/?utm_source=ig_embed&amp;utm_campaign=loading\" target=\"_blank\" rel=\"noreferrer noopener\">Uma publica\u00e7\u00e3o compartilhada por Pleno.News (@plenonews)<\/a><\/p><\/blockquote>\n\n\n\n<p>Durante seu pronunciamento no evento, que ocorre em Washington, nos Estados Unidos, o presidente argentino tamb\u00e9m citou outras bandeiras da agenda progressista que teriam sido bancadas pela Usaid, como a chamada ideologia de g\u00eanero. Milei foi ovacionado pela plateia presente na CPAC ao longo de sua fala.<\/p>\n\n\n\n<p>\u2013 Entre tantas outras aberra\u00e7\u00f5es, incluindo a agenda de paranoia clim\u00e1tica, os excessos da ideologia de g\u00eanero e a pesquisa que resultou na cria\u00e7\u00e3o do v\u00edrus da Covid-19 \u2013 completou.<\/p>\n\n\n\n<p><\/p>\n","protected":false},"excerpt":{"rendered":"<p>Durante seu discurso, neste s\u00e1bado (22), na&nbsp;CPAC&nbsp;(Conservative Political Action Conference, ou Confer\u00eancia Pol\u00edtica da A\u00e7\u00e3o Conservadora, em portugu\u00eas), maior confer\u00eancia de conservadores do mundo, o presidente da Argentina,&nbsp;Javier Milei, falou sobre o esc\u00e2ndalo da Usaid e disse que a ag\u00eancia foi usada para, entre outros prop\u00f3sitos, financiar \u201cfraudes eleitorais no Brasil\u201d. \u2013 As m\u00faltiplas ONGs, [&hellip;]<\/p>\n","protected":false},"author":2,"featured_media":21477,"comment_status":"open","ping_status":"open","sticky":false,"template":"","format":"standard","meta":[],"categories":[16],"tags":[],"_links":{"self":[{"href":"https:\/\/dgospel.com.br\/portal\/index.php\/wp-json\/wp\/v2\/posts\/21476"}],"collection":[{"href":"https:\/\/dgospel.com.br\/portal\/index.php\/wp-json\/wp\/v2\/posts"}],"about":[{"href":"https:\/\/dgospel.com.br\/portal\/index.php\/wp-json\/wp\/v2\/types\/post"}],"author":[{"embeddable":true,"href":"https:\/\/dgospel.com.br\/portal\/index.php\/wp-json\/wp\/v2\/users\/2"}],"replies":[{"embeddable":true,"href":"https:\/\/dgospel.com.br\/portal\/index.php\/wp-json\/wp\/v2\/comments?post=21476"}],"version-history":[{"count":1,"href":"https:\/\/dgospel.com.br\/portal\/index.php\/wp-json\/wp\/v2\/posts\/21476\/revisions"}],"predecessor-version":[{"id":21478,"href":"https:\/\/dgospel.com.br\/portal\/index.php\/wp-json\/wp\/v2\/posts\/21476\/revisions\/21478"}],"wp:featuredmedia":[{"embeddable":true,"href":"https:\/\/dgospel.com.br\/portal\/index.php\/wp-json\/wp\/v2\/media\/21477"}],"wp:attachment":[{"href":"https:\/\/dgospel.com.br\/portal\/index.php\/wp-json\/wp\/v2\/media?parent=21476"}],"wp:term":[{"taxonomy":"category","embeddable":true,"href":"https:\/\/dgospel.com.br\/portal\/index.php\/wp-json\/wp\/v2\/categories?post=21476"},{"taxonomy":"post_tag","embeddable":true,"href":"https:\/\/dgospel.com.br\/portal\/index.php\/wp-json\/wp\/v2\/tags?post=21476"}],"curies":[{"name":"wp","href":"https:\/\/api.w.org\/{rel}","templated":true}]}}