{"id":21482,"date":"2025-02-24T10:15:23","date_gmt":"2025-02-24T13:15:23","guid":{"rendered":"https:\/\/dgospel.com.br\/portal\/?p=21482"},"modified":"2025-02-24T10:15:24","modified_gmt":"2025-02-24T13:15:24","slug":"lewandowski-nega-acesso-a-seu-cartao-de-vacina-e-impoe-sigilo-de-100-anos","status":"publish","type":"post","link":"https:\/\/dgospel.com.br\/portal\/index.php\/2025\/02\/24\/lewandowski-nega-acesso-a-seu-cartao-de-vacina-e-impoe-sigilo-de-100-anos\/","title":{"rendered":"Lewandowski nega acesso a seu cart\u00e3o de vacina e imp\u00f5e sigilo de 100 anos"},"content":{"rendered":"\n<p>O ministro da Justi\u00e7a e Seguran\u00e7a P\u00fablica, Ricardo Lewandowski, negou acesso \u00e0 sua carteira de vacina\u00e7\u00e3o, aplicando um sigilo de 100 anos ao documento, medida semelhante \u00e0 adotada pelo ex-presidente Jair Bolsonaro (PL) durante seu governo.<\/p>\n\n\n\n<p>A solicita\u00e7\u00e3o do documento foi feita pelo portal&nbsp;Metr\u00f3poles, por meio da Lei de Acesso \u00e0 Informa\u00e7\u00e3o (LAI). No entanto, o Minist\u00e9rio da Justi\u00e7a rejeitou o pedido, alegando que se trata de dados pessoais protegidos pela Lei Geral de Prote\u00e7\u00e3o de Dados Pessoais (LGPD).<\/p>\n\n\n\n<p>\u201cEntende-se que a solicita\u00e7\u00e3o em quest\u00e3o n\u00e3o pode ser atendida, uma vez que os dados solicitados referem-se \u00e0 sa\u00fade e est\u00e3o vinculados a uma pessoa natural, configurando-se como dados pessoais sens\u00edveis, nos termos do art. 5\u00ba, inciso II, da Lei n\u00ba 13.709\/2018 (Lei Geral de Prote\u00e7\u00e3o de Dados Pessoais \u2013 LGPD)\u201d, afirmou Sergio Gomes Velloso, ouvidor-geral do Minist\u00e9rio da Justi\u00e7a e Seguran\u00e7a P\u00fablica.<\/p>\n\n\n\n<p>Lewandowski referendou a decis\u00e3o e destacou que a LGPD est\u00e1 alinhada \u00e0 LAI, conforme o artigo 31, \u00a71\u00ba, inciso II, que estabelece que informa\u00e7\u00f5es pessoais relacionadas \u00e0 intimidade, vida privada, honra e imagem possuem acesso restrito por at\u00e9 100 anos.<\/p>\n\n\n\n<p>Apesar da negativa, o ministro garantiu, em nota, que seu cart\u00e3o de vacina\u00e7\u00e3o est\u00e1 completo.<\/p>\n","protected":false},"excerpt":{"rendered":"<p>O ministro da Justi\u00e7a e Seguran\u00e7a P\u00fablica, Ricardo Lewandowski, negou acesso \u00e0 sua carteira de vacina\u00e7\u00e3o, aplicando um sigilo de 100 anos ao documento, medida semelhante \u00e0 adotada pelo ex-presidente Jair Bolsonaro (PL) durante seu governo. A solicita\u00e7\u00e3o do documento foi feita pelo portal&nbsp;Metr\u00f3poles, por meio da Lei de Acesso \u00e0 Informa\u00e7\u00e3o (LAI). No entanto, [&hellip;]<\/p>\n","protected":false},"author":2,"featured_media":21483,"comment_status":"open","ping_status":"open","sticky":false,"template":"","format":"standard","meta":[],"categories":[10],"tags":[],"_links":{"self":[{"href":"https:\/\/dgospel.com.br\/portal\/index.php\/wp-json\/wp\/v2\/posts\/21482"}],"collection":[{"href":"https:\/\/dgospel.com.br\/portal\/index.php\/wp-json\/wp\/v2\/posts"}],"about":[{"href":"https:\/\/dgospel.com.br\/portal\/index.php\/wp-json\/wp\/v2\/types\/post"}],"author":[{"embeddable":true,"href":"https:\/\/dgospel.com.br\/portal\/index.php\/wp-json\/wp\/v2\/users\/2"}],"replies":[{"embeddable":true,"href":"https:\/\/dgospel.com.br\/portal\/index.php\/wp-json\/wp\/v2\/comments?post=21482"}],"version-history":[{"count":1,"href":"https:\/\/dgospel.com.br\/portal\/index.php\/wp-json\/wp\/v2\/posts\/21482\/revisions"}],"predecessor-version":[{"id":21484,"href":"https:\/\/dgospel.com.br\/portal\/index.php\/wp-json\/wp\/v2\/posts\/21482\/revisions\/21484"}],"wp:featuredmedia":[{"embeddable":true,"href":"https:\/\/dgospel.com.br\/portal\/index.php\/wp-json\/wp\/v2\/media\/21483"}],"wp:attachment":[{"href":"https:\/\/dgospel.com.br\/portal\/index.php\/wp-json\/wp\/v2\/media?parent=21482"}],"wp:term":[{"taxonomy":"category","embeddable":true,"href":"https:\/\/dgospel.com.br\/portal\/index.php\/wp-json\/wp\/v2\/categories?post=21482"},{"taxonomy":"post_tag","embeddable":true,"href":"https:\/\/dgospel.com.br\/portal\/index.php\/wp-json\/wp\/v2\/tags?post=21482"}],"curies":[{"name":"wp","href":"https:\/\/api.w.org\/{rel}","templated":true}]}}