{"id":21485,"date":"2025-02-24T10:17:28","date_gmt":"2025-02-24T13:17:28","guid":{"rendered":"https:\/\/dgospel.com.br\/portal\/?p=21485"},"modified":"2025-02-24T10:17:29","modified_gmt":"2025-02-24T13:17:29","slug":"desmatamento-na-amazonia-cresce-68-em-janeiro-e-acende-alerta-sobre-fiscalizacao","status":"publish","type":"post","link":"https:\/\/dgospel.com.br\/portal\/index.php\/2025\/02\/24\/desmatamento-na-amazonia-cresce-68-em-janeiro-e-acende-alerta-sobre-fiscalizacao\/","title":{"rendered":"Desmatamento na Amaz\u00f4nia cresce 68% em janeiro e acende alerta sobre fiscaliza\u00e7\u00e3o"},"content":{"rendered":"\n<p>O desmatamento na Amaz\u00f4nia Legal disparou 68% em janeiro de 2025 na compara\u00e7\u00e3o com o mesmo per\u00edodo do ano anterior, atingindo 133 km\u00b2 de \u00e1rea destru\u00edda. O n\u00famero equivale a mais de 400 campos de futebol desmatados por dia e representa o sexto pior \u00edndice da s\u00e9rie hist\u00f3rica para o m\u00eas, segundo o levantamento do Sistema de Alerta de Desmatamento (SAD), do Imazon.<\/p>\n\n\n\n<p>Mato Grosso foi o Estado mais afetado, concentrando 45% da devasta\u00e7\u00e3o. Em seguida, Roraima e Par\u00e1 somaram juntos 88% da perda de vegeta\u00e7\u00e3o na regi\u00e3o. Al\u00e9m do desmatamento, a degrada\u00e7\u00e3o florestal \u2013 causada por queimadas e extra\u00e7\u00e3o de madeira \u2013 tamb\u00e9m teve um aumento expressivo, alcan\u00e7ando 355 km\u00b2 em janeiro, volume 21 vezes superior ao registrado em 2024.<\/p>\n\n\n\n<p>Os n\u00fameros colocam o governo de Luiz In\u00e1cio Lula da Silva sob press\u00e3o, especialmente ap\u00f3s promessas de combate ao desmatamento feitas pela ministra do Meio Ambiente, Marina Silva. O Brasil sediar\u00e1 a 30\u00aa Confer\u00eancia das Na\u00e7\u00f5es Unidas sobre Mudan\u00e7a do Clima (COP30), aumentando a cobran\u00e7a por resultados concretos na preserva\u00e7\u00e3o da floresta.<\/p>\n\n\n\n<p>Os dados recentes refor\u00e7am uma tend\u00eancia preocupante: os piores \u00edndices de desmatamento para o m\u00eas de janeiro ocorreram em governos de diferentes administra\u00e7\u00f5es. Os recordes foram registrados em:<\/p>\n\n\n\n<ul><li><strong>2015 (Dilma Rousseff)<\/strong>&nbsp;\u2013 288 km\u00b2<\/li><li><strong>2022 (Jair Bolsonaro)<\/strong>&nbsp;\u2013 261 km\u00b2<\/li><li><strong>2023 (Lula)<\/strong>&nbsp;\u2013 198 km\u00b2<\/li><\/ul>\n\n\n\n<p>Para Larissa Amorim, pesquisadora do Imazon, os n\u00fameros s\u00e3o um \u201csinal de alerta para a necessidade de fortalecer as a\u00e7\u00f5es de monitoramento\u201d. Segundo ela, \u201cpara reverter esse cen\u00e1rio, \u00e9 fundamental intensificar a fiscaliza\u00e7\u00e3o, ampliar as opera\u00e7\u00f5es de combate aos crimes ambientais e fortalecer pol\u00edticas que incentivem a prote\u00e7\u00e3o e o uso sustent\u00e1vel da floresta\u201d.<\/p>\n\n\n\n<p>A oposi\u00e7\u00e3o j\u00e1 come\u00e7ou a repercutir os dados, cobrando medidas mais efetivas do governo para conter o avan\u00e7o do desmatamento na Amaz\u00f4nia, que se estende por mais de 5 milh\u00f5es de km\u00b2 e abrange nove Estados brasileiros. O cen\u00e1rio refor\u00e7a a urg\u00eancia de pol\u00edticas ambientais mais r\u00edgidas e fiscaliza\u00e7\u00e3o eficaz para conter a destrui\u00e7\u00e3o da maior floresta tropical do mundo.<\/p>\n","protected":false},"excerpt":{"rendered":"<p>O desmatamento na Amaz\u00f4nia Legal disparou 68% em janeiro de 2025 na compara\u00e7\u00e3o com o mesmo per\u00edodo do ano anterior, atingindo 133 km\u00b2 de \u00e1rea destru\u00edda. O n\u00famero equivale a mais de 400 campos de futebol desmatados por dia e representa o sexto pior \u00edndice da s\u00e9rie hist\u00f3rica para o m\u00eas, segundo o levantamento do [&hellip;]<\/p>\n","protected":false},"author":2,"featured_media":21486,"comment_status":"open","ping_status":"open","sticky":false,"template":"","format":"standard","meta":[],"categories":[12,10],"tags":[],"_links":{"self":[{"href":"https:\/\/dgospel.com.br\/portal\/index.php\/wp-json\/wp\/v2\/posts\/21485"}],"collection":[{"href":"https:\/\/dgospel.com.br\/portal\/index.php\/wp-json\/wp\/v2\/posts"}],"about":[{"href":"https:\/\/dgospel.com.br\/portal\/index.php\/wp-json\/wp\/v2\/types\/post"}],"author":[{"embeddable":true,"href":"https:\/\/dgospel.com.br\/portal\/index.php\/wp-json\/wp\/v2\/users\/2"}],"replies":[{"embeddable":true,"href":"https:\/\/dgospel.com.br\/portal\/index.php\/wp-json\/wp\/v2\/comments?post=21485"}],"version-history":[{"count":1,"href":"https:\/\/dgospel.com.br\/portal\/index.php\/wp-json\/wp\/v2\/posts\/21485\/revisions"}],"predecessor-version":[{"id":21487,"href":"https:\/\/dgospel.com.br\/portal\/index.php\/wp-json\/wp\/v2\/posts\/21485\/revisions\/21487"}],"wp:featuredmedia":[{"embeddable":true,"href":"https:\/\/dgospel.com.br\/portal\/index.php\/wp-json\/wp\/v2\/media\/21486"}],"wp:attachment":[{"href":"https:\/\/dgospel.com.br\/portal\/index.php\/wp-json\/wp\/v2\/media?parent=21485"}],"wp:term":[{"taxonomy":"category","embeddable":true,"href":"https:\/\/dgospel.com.br\/portal\/index.php\/wp-json\/wp\/v2\/categories?post=21485"},{"taxonomy":"post_tag","embeddable":true,"href":"https:\/\/dgospel.com.br\/portal\/index.php\/wp-json\/wp\/v2\/tags?post=21485"}],"curies":[{"name":"wp","href":"https:\/\/api.w.org\/{rel}","templated":true}]}}