{"id":21489,"date":"2025-02-24T10:31:22","date_gmt":"2025-02-24T13:31:22","guid":{"rendered":"https:\/\/dgospel.com.br\/portal\/?p=21489"},"modified":"2025-02-24T10:31:23","modified_gmt":"2025-02-24T13:31:23","slug":"dias-inesqueciveis-na-africa-diz-karina-bacchi-sobre-viagem-missionaria","status":"publish","type":"post","link":"https:\/\/dgospel.com.br\/portal\/index.php\/2025\/02\/24\/dias-inesqueciveis-na-africa-diz-karina-bacchi-sobre-viagem-missionaria\/","title":{"rendered":"\u2018Dias inesquec\u00edveis na \u00c1frica\u2019, diz Karina Bacchi sobre viagem mission\u00e1ria"},"content":{"rendered":"\n<p><a href=\"https:\/\/noticias.gospelmais.com\/karina-bacchi-batizada-aguas-filiacao-celestial-154803.html\">Karina Bacchi<\/a>&nbsp;est\u00e1 em uma viagem mission\u00e1ria na Guin\u00e9-Bisau, com o objetivo de implementar um projeto social focado em levar atendimento m\u00e9dico \u00e0queles que mais necessitam.<\/p>\n\n\n\n<p>Na quinta-feira, 20 de fevereiro, a apresentadora e influenciadora crist\u00e3 compartilhou em suas redes sociais que est\u00e1 acompanhada de uma equipe, visitando o&nbsp;<a href=\"https:\/\/www.instagram.com\/karinabacchi\/reel\/DGT_ahNMdvI\/\">pa\u00eds<\/a>&nbsp;africano para avaliar as principais car\u00eancias de sa\u00fade da popula\u00e7\u00e3o local.<\/p>\n\n\n\n<p>\u201cEstamos vivendo dias inesquec\u00edveis na \u00c1frica, levando a mensagem do amor de Deus a cada cora\u00e7\u00e3o que encontramos. Cada sorriso, cada abra\u00e7o e a oportunidade de cada vida transformada nos lembram do prop\u00f3sito maior que nos trouxe aqui\u201d, escreveu Karina em uma publica\u00e7\u00e3o no Instagram.<\/p>\n\n\n\n<p>Atrav\u00e9s da Miss\u00e3o Halsey, Bacchi anunciou que o projeto pretende conectar empres\u00e1rios e volunt\u00e1rios com pessoas em Guin\u00e9-Bisau que n\u00e3o possuem acesso adequado a servi\u00e7os de sa\u00fade.<\/p>\n\n\n\n<p>Em colabora\u00e7\u00e3o com o Programa de Sa\u00fade Hausey Life, ser\u00e1 criado um centro de telesa\u00fade, equipado com computadores e internet, para que moradores da regi\u00e3o possam receber atendimentos m\u00e9dicos por meio de teleconsultas com profissionais especializados.<\/p>\n\n\n\n<p>\u201cA miss\u00e3o de Cristo n\u00e3o conhece fronteiras. N\u00e3o caminhamos sozinhos, o Senhor vai adiante, abrindo caminhos e nos cobrindo com sua gra\u00e7a\u201d, afirmou Karina, ao explicar que uma cidade ser\u00e1 escolhida para abrigar o centro de telesa\u00fade.<\/p>\n\n\n\n<p>Ela tamb\u00e9m aproveitou a oportunidade para agradecer pelas ora\u00e7\u00f5es e pediu que continuem intercedendo pela expans\u00e3o do projeto. \u201cMuito mais ainda est\u00e1 por vir! Que esse chamado ecoe em vidas salvas por todo o mundo para sempre\u201d, escreveu.<\/p>\n\n\n\n<p>Durante a viagem, a equipe da miss\u00e3o visitou uma igreja local e tem se dedicado a conhecer mais profundamente a realidade do povo guineense.<\/p>\n\n\n\n<p>\u201cEst\u00e1 sendo uma experi\u00eancia muito tocante. Como somos transformados e ministrados profundamente quando somos guiados pelo seu chamado\u201d, refletiu Karina, ao compartilhar o impacto pessoal da miss\u00e3o.<\/p>\n\n\n\n<p>Em suas palavras sobre o servi\u00e7o crist\u00e3o, a apresentadora citou a passagem b\u00edblica de 1 Jo\u00e3o 3:18: \u201cN\u00e3o amemos de palavra nem de l\u00edngua, mas por a\u00e7\u00f5es e em verdade\u201d, destacando a import\u00e2ncia de agir em nome do pr\u00f3ximo. Assista:<\/p>\n\n\n\n<p>Ver essa foto no Instagram<\/p>\n\n\n\n<p><a href=\"https:\/\/www.instagram.com\/reel\/DGT_ahNMdvI\/?utm_source=ig_embed&amp;utm_campaign=loading\">Uma publica\u00e7\u00e3o compartilhada por Karina Bacchi (@karinabacchi)<\/a><\/p>\n","protected":false},"excerpt":{"rendered":"<p>Karina Bacchi&nbsp;est\u00e1 em uma viagem mission\u00e1ria na Guin\u00e9-Bisau, com o objetivo de implementar um projeto social focado em levar atendimento m\u00e9dico \u00e0queles que mais necessitam. Na quinta-feira, 20 de fevereiro, a apresentadora e influenciadora crist\u00e3 compartilhou em suas redes sociais que est\u00e1 acompanhada de uma equipe, visitando o&nbsp;pa\u00eds&nbsp;africano para avaliar as principais car\u00eancias de sa\u00fade [&hellip;]<\/p>\n","protected":false},"author":2,"featured_media":21490,"comment_status":"open","ping_status":"open","sticky":false,"template":"","format":"standard","meta":[],"categories":[5],"tags":[],"_links":{"self":[{"href":"https:\/\/dgospel.com.br\/portal\/index.php\/wp-json\/wp\/v2\/posts\/21489"}],"collection":[{"href":"https:\/\/dgospel.com.br\/portal\/index.php\/wp-json\/wp\/v2\/posts"}],"about":[{"href":"https:\/\/dgospel.com.br\/portal\/index.php\/wp-json\/wp\/v2\/types\/post"}],"author":[{"embeddable":true,"href":"https:\/\/dgospel.com.br\/portal\/index.php\/wp-json\/wp\/v2\/users\/2"}],"replies":[{"embeddable":true,"href":"https:\/\/dgospel.com.br\/portal\/index.php\/wp-json\/wp\/v2\/comments?post=21489"}],"version-history":[{"count":1,"href":"https:\/\/dgospel.com.br\/portal\/index.php\/wp-json\/wp\/v2\/posts\/21489\/revisions"}],"predecessor-version":[{"id":21491,"href":"https:\/\/dgospel.com.br\/portal\/index.php\/wp-json\/wp\/v2\/posts\/21489\/revisions\/21491"}],"wp:featuredmedia":[{"embeddable":true,"href":"https:\/\/dgospel.com.br\/portal\/index.php\/wp-json\/wp\/v2\/media\/21490"}],"wp:attachment":[{"href":"https:\/\/dgospel.com.br\/portal\/index.php\/wp-json\/wp\/v2\/media?parent=21489"}],"wp:term":[{"taxonomy":"category","embeddable":true,"href":"https:\/\/dgospel.com.br\/portal\/index.php\/wp-json\/wp\/v2\/categories?post=21489"},{"taxonomy":"post_tag","embeddable":true,"href":"https:\/\/dgospel.com.br\/portal\/index.php\/wp-json\/wp\/v2\/tags?post=21489"}],"curies":[{"name":"wp","href":"https:\/\/api.w.org\/{rel}","templated":true}]}}