{"id":21492,"date":"2025-02-26T08:36:00","date_gmt":"2025-02-26T11:36:00","guid":{"rendered":"https:\/\/dgospel.com.br\/portal\/?p=21492"},"modified":"2025-02-26T08:36:01","modified_gmt":"2025-02-26T11:36:01","slug":"gilberto-nascimento-e-eleito-novo-lider-da-bancada-evangelica","status":"publish","type":"post","link":"https:\/\/dgospel.com.br\/portal\/index.php\/2025\/02\/26\/gilberto-nascimento-e-eleito-novo-lider-da-bancada-evangelica\/","title":{"rendered":"Gilberto Nascimento \u00e9 eleito novo l\u00edder da Bancada Evang\u00e9lica"},"content":{"rendered":"\n<p>Na noite desta ter\u00e7a-feira (25), a Frente Parlamentar Evang\u00e9lica do Congresso Nacional votou e elegeu o deputado Gilberto Nascimento (PSD-SP) como presidente do grupo. Foi a primeira que a escolha do l\u00edder da Bancada Evang\u00e9lica n\u00e3o foi escolhido por aclama\u00e7\u00e3o.<\/p>\n\n\n\n<p>A disputa foi motivada pela indica\u00e7\u00e3o de Otoni de Paula (MDB-RJ) feita pelo atual presidente, Silas C\u00e2mara (Republicanos-AM). Parte dos integrantes da FPE rejeitou a escolha por considerar que Otoni estava pr\u00f3ximo do governo Lula (PT), o que gerou divis\u00e3o dentro da bancada.<\/p>\n\n\n\n<p>J\u00e1 Gilberto Nascimento contou com o apoio do ex-presidente Jair Bolsonaro.<\/p>\n\n\n\n<p>A outra candidata era a deputada Greyce Elias (Avante-MG), que decidiu da disputa para se tornar a vice do presidente eleito. Com a escolha, Nascimento permanecer\u00e1 no cargo pelos pr\u00f3ximos dois anos.<\/p>\n","protected":false},"excerpt":{"rendered":"<p>Na noite desta ter\u00e7a-feira (25), a Frente Parlamentar Evang\u00e9lica do Congresso Nacional votou e elegeu o deputado Gilberto Nascimento (PSD-SP) como presidente do grupo. Foi a primeira que a escolha do l\u00edder da Bancada Evang\u00e9lica n\u00e3o foi escolhido por aclama\u00e7\u00e3o. A disputa foi motivada pela indica\u00e7\u00e3o de Otoni de Paula (MDB-RJ) feita pelo atual presidente, [&hellip;]<\/p>\n","protected":false},"author":2,"featured_media":21493,"comment_status":"open","ping_status":"open","sticky":false,"template":"","format":"standard","meta":[],"categories":[8],"tags":[],"_links":{"self":[{"href":"https:\/\/dgospel.com.br\/portal\/index.php\/wp-json\/wp\/v2\/posts\/21492"}],"collection":[{"href":"https:\/\/dgospel.com.br\/portal\/index.php\/wp-json\/wp\/v2\/posts"}],"about":[{"href":"https:\/\/dgospel.com.br\/portal\/index.php\/wp-json\/wp\/v2\/types\/post"}],"author":[{"embeddable":true,"href":"https:\/\/dgospel.com.br\/portal\/index.php\/wp-json\/wp\/v2\/users\/2"}],"replies":[{"embeddable":true,"href":"https:\/\/dgospel.com.br\/portal\/index.php\/wp-json\/wp\/v2\/comments?post=21492"}],"version-history":[{"count":1,"href":"https:\/\/dgospel.com.br\/portal\/index.php\/wp-json\/wp\/v2\/posts\/21492\/revisions"}],"predecessor-version":[{"id":21494,"href":"https:\/\/dgospel.com.br\/portal\/index.php\/wp-json\/wp\/v2\/posts\/21492\/revisions\/21494"}],"wp:featuredmedia":[{"embeddable":true,"href":"https:\/\/dgospel.com.br\/portal\/index.php\/wp-json\/wp\/v2\/media\/21493"}],"wp:attachment":[{"href":"https:\/\/dgospel.com.br\/portal\/index.php\/wp-json\/wp\/v2\/media?parent=21492"}],"wp:term":[{"taxonomy":"category","embeddable":true,"href":"https:\/\/dgospel.com.br\/portal\/index.php\/wp-json\/wp\/v2\/categories?post=21492"},{"taxonomy":"post_tag","embeddable":true,"href":"https:\/\/dgospel.com.br\/portal\/index.php\/wp-json\/wp\/v2\/tags?post=21492"}],"curies":[{"name":"wp","href":"https:\/\/api.w.org\/{rel}","templated":true}]}}