{"id":21495,"date":"2025-02-26T08:50:19","date_gmt":"2025-02-26T11:50:19","guid":{"rendered":"https:\/\/dgospel.com.br\/portal\/?p=21495"},"modified":"2025-02-26T08:50:21","modified_gmt":"2025-02-26T11:50:21","slug":"para-69-denuncia-da-pgr-nao-muda-opiniao-sobre-bolsonaro","status":"publish","type":"post","link":"https:\/\/dgospel.com.br\/portal\/index.php\/2025\/02\/26\/para-69-denuncia-da-pgr-nao-muda-opiniao-sobre-bolsonaro\/","title":{"rendered":"Para 69%, den\u00fancia da PGR n\u00e3o muda opini\u00e3o sobre Bolsonaro"},"content":{"rendered":"\n<p>A pesquisa CNT divulgada nesta ter\u00e7a-feira (25) mostrou que quase 70% dos entrevistados n\u00e3o mudaram de opini\u00e3o em rela\u00e7\u00e3o ao ex-presidente&nbsp;<a href=\"http:\/\/pleno.news\/tag\/jair-bolsonaro\" target=\"_blank\" rel=\"noreferrer noopener\">Jair Bolsonaro<\/a>&nbsp;(PL) ao tomarem conhecimento da den\u00fancia apresentada na semana passada pela Procuradoria-Geral da Rep\u00fablica (PGR) contra ele e seus aliados.<\/p>\n\n\n\n<p>No total, 69,3% dos entrevistados disseram que a acusa\u00e7\u00e3o feita pela PGR n\u00e3o alterou a percep\u00e7\u00e3o sobre Bolsonaro. J\u00e1 19,7% disseram que a den\u00fancia piorou em algum grau a vis\u00e3o que tinham sobre o pol\u00edtico conservador.<\/p>\n\n\n\n<p>A pesquisa tamb\u00e9m avaliou a percep\u00e7\u00e3o da popula\u00e7\u00e3o sobre a carga pol\u00edtica da den\u00fancia da PGR. Para 33,2% dos entrevistados, a den\u00fancia tem motiva\u00e7\u00f5es pol\u00edticas. Para 22,5%, a acusa\u00e7\u00e3o \u00e9 leg\u00edtima e baseada em fatos. Outros 31% creem que h\u00e1 uma mistura de elementos pol\u00edticos e factuais que embasam a den\u00fancia do Minist\u00e9rio P\u00fablico Federal contra Bolsonaro.<\/p>\n\n\n\n<p>A pesquisa CNT realizou 2.002 entrevistas presenciais em 137 munic\u00edpios do pa\u00eds entre os dias 19 e 23 de fevereiro. A margem de erro \u00e9 de 2,2 pontos percentuais.<\/p>\n\n\n\n<p>*AE<\/p>\n","protected":false},"excerpt":{"rendered":"<p>A pesquisa CNT divulgada nesta ter\u00e7a-feira (25) mostrou que quase 70% dos entrevistados n\u00e3o mudaram de opini\u00e3o em rela\u00e7\u00e3o ao ex-presidente&nbsp;Jair Bolsonaro&nbsp;(PL) ao tomarem conhecimento da den\u00fancia apresentada na semana passada pela Procuradoria-Geral da Rep\u00fablica (PGR) contra ele e seus aliados. No total, 69,3% dos entrevistados disseram que a acusa\u00e7\u00e3o feita pela PGR n\u00e3o alterou [&hellip;]<\/p>\n","protected":false},"author":2,"featured_media":21496,"comment_status":"open","ping_status":"open","sticky":false,"template":"","format":"standard","meta":[],"categories":[4],"tags":[],"_links":{"self":[{"href":"https:\/\/dgospel.com.br\/portal\/index.php\/wp-json\/wp\/v2\/posts\/21495"}],"collection":[{"href":"https:\/\/dgospel.com.br\/portal\/index.php\/wp-json\/wp\/v2\/posts"}],"about":[{"href":"https:\/\/dgospel.com.br\/portal\/index.php\/wp-json\/wp\/v2\/types\/post"}],"author":[{"embeddable":true,"href":"https:\/\/dgospel.com.br\/portal\/index.php\/wp-json\/wp\/v2\/users\/2"}],"replies":[{"embeddable":true,"href":"https:\/\/dgospel.com.br\/portal\/index.php\/wp-json\/wp\/v2\/comments?post=21495"}],"version-history":[{"count":1,"href":"https:\/\/dgospel.com.br\/portal\/index.php\/wp-json\/wp\/v2\/posts\/21495\/revisions"}],"predecessor-version":[{"id":21497,"href":"https:\/\/dgospel.com.br\/portal\/index.php\/wp-json\/wp\/v2\/posts\/21495\/revisions\/21497"}],"wp:featuredmedia":[{"embeddable":true,"href":"https:\/\/dgospel.com.br\/portal\/index.php\/wp-json\/wp\/v2\/media\/21496"}],"wp:attachment":[{"href":"https:\/\/dgospel.com.br\/portal\/index.php\/wp-json\/wp\/v2\/media?parent=21495"}],"wp:term":[{"taxonomy":"category","embeddable":true,"href":"https:\/\/dgospel.com.br\/portal\/index.php\/wp-json\/wp\/v2\/categories?post=21495"},{"taxonomy":"post_tag","embeddable":true,"href":"https:\/\/dgospel.com.br\/portal\/index.php\/wp-json\/wp\/v2\/tags?post=21495"}],"curies":[{"name":"wp","href":"https:\/\/api.w.org\/{rel}","templated":true}]}}