{"id":21501,"date":"2025-02-26T10:16:42","date_gmt":"2025-02-26T13:16:42","guid":{"rendered":"https:\/\/dgospel.com.br\/portal\/?p=21501"},"modified":"2025-02-26T10:16:44","modified_gmt":"2025-02-26T13:16:44","slug":"genocidio-religioso-lider-denuncia-massacre-de-70-cristaos-decapitados-no-congo","status":"publish","type":"post","link":"https:\/\/dgospel.com.br\/portal\/index.php\/2025\/02\/26\/genocidio-religioso-lider-denuncia-massacre-de-70-cristaos-decapitados-no-congo\/","title":{"rendered":"\u201cGenoc\u00eddio religioso\u201d: L\u00edder denuncia massacre de 70 crist\u00e3os decapitados no Congo"},"content":{"rendered":"\n<p>Um l\u00edder que trabalha pelos crist\u00e3os perseguidos no mundo afirmou que a&nbsp;<a href=\"https:\/\/guiame.com.br\/gospel\/missoes-acao-social\/estao-matando-o-povo-de-deus-diz-cristao-sobre-ataques-em-serie-no-congo.html\"><strong>onda de viol\u00eancia<\/strong><\/a>&nbsp;causada por terroristas isl\u00e2micos na Rep\u00fablica Democr\u00e1tica do&nbsp;<a href=\"https:\/\/guiame.com.br\/gospel\/mundo-cristao\/estado-islamico-ataca-vila-no-congo-e-mata-40-cristaos.html\"><strong>Congo<\/strong><\/a>&nbsp;(RDC) \u00e9 um genoc\u00eddio religioso.<\/p>\n\n\n\n<p>Na semana passada,&nbsp;<a href=\"https:\/\/guiame.com.br\/gospel\/missoes-acao-social\/70-cristaos-sao-decapitados-por-terroristas-dentro-de-igreja-no-congo\"><strong>70 crist\u00e3os foram decapitados<\/strong>&nbsp;<\/a>dentro de uma igreja protestante na prov\u00edncia de Kivu do Norte, depois de ser mantidos ref\u00e9ns por v\u00e1rios dias dentro do templo por militantes das For\u00e7as Democr\u00e1ticas Aliadas (ADF) \u2013 um grupo terrorista ligado ao Estado Isl\u00e2mico.<\/p>\n\n\n\n<p>\u201cEste recente massacre, onde 70 crist\u00e3os perderam a vida, n\u00e3o \u00e9 um incidente isolado, mas parte de uma tape\u00e7aria sombria de viol\u00eancia que custou mais de 6 milh\u00f5es de vidas na RDC ao longo de duas d\u00e9cadas de guerra intermitente&#8221;, afirmou Jeff King,&nbsp; presidente da International Christian Concern (ICC), ao The Christian Post.<\/p>\n\n\n\n<p>&#8220;A grande maioria dos residentes do Congo s\u00e3o crist\u00e3os, ent\u00e3o este \u00e9 um genoc\u00eddio religioso realizado por terroristas isl\u00e2micos radicais\u201d, denunciou o l\u00edder.<\/p>\n\n\n\n<p>Antes mesmo do ataque, escolas, igrejas e centros de sa\u00fade precisaram fechar devido \u00e0 situa\u00e7\u00e3o de caos e inseguran\u00e7a na prov\u00edncia de Kivu do Norte. Muitos crist\u00e3os j\u00e1 fugiram da \u00e1rea para poupar suas vidas.<\/p>\n\n\n\n<p><strong>Conflito de 20 anos<\/strong><\/p>\n\n\n\n<p>A regi\u00e3o nordeste do Congo sofre as consequ\u00eancia do conflito entre os grupos terroristas ADF e M23 com as for\u00e7as do governo, que j\u00e1 dura d\u00e9cadas.<\/p>\n\n\n\n<p>Desde 2014, a ADF intensificou os ataques na \u00e1rea. Somente no m\u00eas passado, o grupo matou mais de 200 pessoas na cidade de Baswagha.<\/p>\n\n\n\n<p>S\u00f3 em 2024, a viol\u00eancia causou o deslocamento de 10.000 pessoas, com muitas vilas crist\u00e3s ficando totalmente desertas, e 355 crist\u00e3os foram mortos por sua f\u00e9, de acordo com dados da Portas Abertas.<\/p>\n\n\n\n<p>Jeff King defendeu uma interven\u00e7\u00e3o militar no Congo para restabelecer a paz e evitar novas v\u00edtimas.<\/p>\n\n\n\n<p>&#8220;\u00c9 hora de mais do que ora\u00e7\u00f5es; exigir uma for\u00e7a militar totalmente africana para intervir neste estado falido, para restaurar a ordem e salvar in\u00fameras outras pessoas de se tornarem v\u00edtimas deste ciclo intermin\u00e1vel de derramamento de sangue\u201d, declarou.<\/p>\n\n\n\n<p>Um relat\u00f3rio anterior do Departamento de Estado dos EUA informou: &#8220;As For\u00e7as Democr\u00e1ticas Aliadas (ADF) continuam a atacar civis indiscriminadamente nas prov\u00edncias de Kivu do Norte e Ituri, ocasionalmente visando igrejas e l\u00edderes religiosos. A viol\u00eancia atingiu todas as comunidades, mas a maioria das v\u00edtimas eram crist\u00e3s, a maioria religiosa&#8221;.<\/p>\n\n\n\n<p>Desde o in\u00edcio do conflito em 1998, se estima que mais de 6 milh\u00f5es de pessoas foram mortas. H\u00e1 cerca de 7 milh\u00f5es de deslocados internos no pa\u00eds, a maior popula\u00e7\u00e3o deslocada do mundo.<\/p>\n","protected":false},"excerpt":{"rendered":"<p>Um l\u00edder que trabalha pelos crist\u00e3os perseguidos no mundo afirmou que a&nbsp;onda de viol\u00eancia&nbsp;causada por terroristas isl\u00e2micos na Rep\u00fablica Democr\u00e1tica do&nbsp;Congo&nbsp;(RDC) \u00e9 um genoc\u00eddio religioso. Na semana passada,&nbsp;70 crist\u00e3os foram decapitados&nbsp;dentro de uma igreja protestante na prov\u00edncia de Kivu do Norte, depois de ser mantidos ref\u00e9ns por v\u00e1rios dias dentro do templo por militantes das [&hellip;]<\/p>\n","protected":false},"author":2,"featured_media":21502,"comment_status":"open","ping_status":"open","sticky":false,"template":"","format":"standard","meta":[],"categories":[12,16],"tags":[],"_links":{"self":[{"href":"https:\/\/dgospel.com.br\/portal\/index.php\/wp-json\/wp\/v2\/posts\/21501"}],"collection":[{"href":"https:\/\/dgospel.com.br\/portal\/index.php\/wp-json\/wp\/v2\/posts"}],"about":[{"href":"https:\/\/dgospel.com.br\/portal\/index.php\/wp-json\/wp\/v2\/types\/post"}],"author":[{"embeddable":true,"href":"https:\/\/dgospel.com.br\/portal\/index.php\/wp-json\/wp\/v2\/users\/2"}],"replies":[{"embeddable":true,"href":"https:\/\/dgospel.com.br\/portal\/index.php\/wp-json\/wp\/v2\/comments?post=21501"}],"version-history":[{"count":1,"href":"https:\/\/dgospel.com.br\/portal\/index.php\/wp-json\/wp\/v2\/posts\/21501\/revisions"}],"predecessor-version":[{"id":21503,"href":"https:\/\/dgospel.com.br\/portal\/index.php\/wp-json\/wp\/v2\/posts\/21501\/revisions\/21503"}],"wp:featuredmedia":[{"embeddable":true,"href":"https:\/\/dgospel.com.br\/portal\/index.php\/wp-json\/wp\/v2\/media\/21502"}],"wp:attachment":[{"href":"https:\/\/dgospel.com.br\/portal\/index.php\/wp-json\/wp\/v2\/media?parent=21501"}],"wp:term":[{"taxonomy":"category","embeddable":true,"href":"https:\/\/dgospel.com.br\/portal\/index.php\/wp-json\/wp\/v2\/categories?post=21501"},{"taxonomy":"post_tag","embeddable":true,"href":"https:\/\/dgospel.com.br\/portal\/index.php\/wp-json\/wp\/v2\/tags?post=21501"}],"curies":[{"name":"wp","href":"https:\/\/api.w.org\/{rel}","templated":true}]}}