{"id":21511,"date":"2025-02-28T09:32:48","date_gmt":"2025-02-28T12:32:48","guid":{"rendered":"https:\/\/dgospel.com.br\/portal\/?p=21511"},"modified":"2025-02-28T09:32:50","modified_gmt":"2025-02-28T12:32:50","slug":"governador-wanderlei-barbosa-reune-se-com-sudam-para-viabilizar-novas-linhas-de-credito-para-produtores-rurais","status":"publish","type":"post","link":"https:\/\/dgospel.com.br\/portal\/index.php\/2025\/02\/28\/governador-wanderlei-barbosa-reune-se-com-sudam-para-viabilizar-novas-linhas-de-credito-para-produtores-rurais\/","title":{"rendered":"Governador Wanderlei Barbosa re\u00fane-se com Sudam para viabilizar novas linhas de cr\u00e9dito para produtores rurais"},"content":{"rendered":"\n<p>O governador do Tocantins, Wanderlei Barbosa, acompanhado do secret\u00e1rio de Estado da Agricultura e Pecu\u00e1ria, Jaime Caf\u00e9, recebeu nesta quinta-feira, 27, o chefe do Escrit\u00f3rio da Superintend\u00eancia do Desenvolvimento da Amaz\u00f4nia (Sudam) de Bras\u00edlia, Sib\u00e1 Machado. O encontro, realizado na sala de reuni\u00f5es do Pal\u00e1cio Araguaia Governador Jos\u00e9 Wilson Siqueira Campos, tamb\u00e9m contou com a presen\u00e7a de secret\u00e1rios de Estado e demais autoridades para discutir a concess\u00e3o de linhas de cr\u00e9dito voltadas \u00e0 agricultura familiar e ao agroneg\u00f3cio. &nbsp;<\/p>\n\n\n\n<p>Durante o encontro, o governador Wanderlei Barbosa destacou a import\u00e2ncia do setor agropecu\u00e1rio para o desenvolvimento econ\u00f4mico do Tocantins e ressaltou o compromisso do governo estadual com o fortalecimento das cadeias produtivas. &#8220;N\u00f3s compreendemos a for\u00e7a da nossa economia por meio do agro, que \u00e9 a vertente que mais cresce no estado. Precisamos fortalecer tamb\u00e9m os pequenos e m\u00e9dios produtores e j\u00e1 temos diversos projetos em andamento para isso. Agradecemos por sua visita, Sib\u00e1 Machado, e queremos conhecer melhor os projetos que voc\u00ea traz para que possamos implement\u00e1-los no Tocantins. Temos uma parceria firmada com o governo federal e trabalhamos para que esse relacionamento seja cada vez mais produtivo, beneficiando todos os setores&#8221;, afirmou o governador durante discurso.<\/p>\n\n\n\n<p>Al\u00e9m da libera\u00e7\u00e3o de cr\u00e9dito para produtores rurais, o encontro tamb\u00e9m abordou a possibilidade de trazer ao Tocantins uma consultoria especializada na suinocultura. \u201cS\u00e3o dois pontos da nossa visita. A Sudam est\u00e1 trabalhando muito para tentar destravar o cr\u00e9dito, seja para o grande empres\u00e1rio ou para o m\u00e9dio empres\u00e1rio; seja para os pequenos da cidade ou para os pequenos da zona rural. N\u00f3s estamos trazendo o modelo de um fundo garantidor para dar maior robustez a esse tipo de investimento, liberar cr\u00e9dito. O segundo ponto se deve ao fato de que, aqui no Tocantins, h\u00e1 uma pequena experi\u00eancia com a suinocultura e n\u00f3s, agora, queremos trazer uma consultoria para apoiar um maior investimento. \u00c9 importante impulsionar a suinocultura, com frigor\u00edfico e f\u00e1brica de ra\u00e7\u00e3o, e tamb\u00e9m trazer a agricultura familiar para participar deste investimento. Esses s\u00e3o os dois pontos que n\u00f3s estamos tratando hoje&nbsp;<em>[quinta-feira, 27]<\/em>&nbsp;no estado do Tocantins\u201d, explicou o chefe do Escrit\u00f3rio da Sudam em Bras\u00edlia, Sib\u00e1 Machado.<\/p>\n\n\n\n<p>O secret\u00e1rio de Estado da Agricultura e Pecu\u00e1ria, Jaime Caf\u00e9, destacou que a reuni\u00e3o foi uma oportunidade para discutir projetos e programas voltados ao desenvolvimento da regi\u00e3o amaz\u00f4nica, com foco na agropecu\u00e1ria do Tocantins. \u201cO Governo do Estado, com secret\u00e1rios e presidentes de autarquias, recebe o chefe do escrit\u00f3rio da Sudam em Bras\u00edlia, Sib\u00e1 Machado, para tratar de iniciativas que possam fortalecer a nossa economia. Tamb\u00e9m contamos com a presen\u00e7a do presidente da Cresol, cooperativa que atua na concess\u00e3o de cr\u00e9dito por meio de um fundo garantidor, apoiando pequenos empreendimentos em diversas \u00e1reas, como constru\u00e7\u00e3o civil, produ\u00e7\u00e3o agr\u00edcola, agroind\u00fastria e turismo. Nosso objetivo \u00e9 atrair investimentos e fortalecer as cadeias produtivas do Estado, especialmente a agropecu\u00e1ria\u201d, ressaltou o secret\u00e1rio.<\/p>\n\n\n\n<p><strong>Garanticoop<\/strong><\/p>\n\n\n\n<p>Durante a reuni\u00e3o, o presidente da Cresol Transamaz\u00f4nica, Arc\u00edlio Segundo, apresentou a Garanticoop, uma sociedade de garantia de cr\u00e9dito voltada a auxiliar pequenos empreendedores no acesso a financiamento. &#8220;A Garanticoop foi criada para fornecer a carta de fomento, que d\u00e1 o suporte necess\u00e1rio principalmente a pequenos produtores e comerciantes que, atualmente, enfrentam dificuldades no acesso ao cr\u00e9dito, devido \u00e0 falta de documenta\u00e7\u00e3o, especialmente na \u00e1rea rural&#8221;, comentou Arc\u00edlio Segundo. &nbsp;<\/p>\n\n\n\n<p>A Garanticoop tamb\u00e9m oferece benef\u00edcios como alavancagem de at\u00e9 10 vezes em rela\u00e7\u00e3o aos aportes, recursos alocados em conta espec\u00edfica, processo 100% digital, garantia de at\u00e9 80% do valor da opera\u00e7\u00e3o com taxas a partir de 0,15% ao m\u00eas para associados, al\u00e9m de prazos conforme a pol\u00edtica da institui\u00e7\u00e3o financeira e an\u00e1lise de cr\u00e9dito em at\u00e9 oito horas.<\/p>\n\n\n\n<p><strong>Presen\u00e7as<\/strong><\/p>\n\n\n\n<p>Estiveram presentes na reuni\u00e3o o superintendente do Minist\u00e9rio do Desenvolvimento Agr\u00e1rio e Agricultura Familiar (MDA) no Tocantins, Diego Montelo; o secret\u00e1rio-chefe da Casa Civil, Deocleciano Gomes; o secret\u00e1rio de Parcerias e Investimentos, Thomas Jefferson; o secret\u00e1rio de Estado da Ind\u00fastria, Com\u00e9rcio e Servi\u00e7os, Beto Lima; o secret\u00e1rio de Estado da Fazenda, Donizeth Silva; o secret\u00e1rio de Estado da Comunica\u00e7\u00e3o, M\u00e1rcio Rocha; o presidente do Instituto de Desenvolvimento Rural do Tocantins (Ruraltins), Osires Damaso; o diretor-presidente da Tocantins Parcerias, Aleandro Lacerda; o presidente da Ag\u00eancia de Fomento, Lyndon Johnson; o presidente da Ag\u00eancia de Minera\u00e7\u00e3o do Tocantins (Ameto), Milton Neris; e a presidente da Companhia de Minera\u00e7\u00e3o do Tocantins (Mineratins), Lina Ester.<\/p>\n\n\n\n<p><img src=\"https:\/\/central.to.gov.br\/image\/414791?w=670&amp;h=414\"><\/p>\n\n\n\n<p>Presidente da Cresol Transamaz\u00f4nica, Arc\u00edlio Segundo, apresenta a Garanticoop, solu\u00e7\u00e3o que facilita o acesso de pequenos produtores a financiamentos &#8211; Ant\u00f4nio Gon\u00e7alves\/Governo do Tocantins&nbsp;<a href=\"https:\/\/central.to.gov.br\/image\/414791?f=1\" target=\"_blank\" rel=\"noreferrer noopener\"><em>file_download<\/em><\/a><\/p>\n\n\n\n<p><img src=\"https:\/\/central.to.gov.br\/image\/414790?w=670&amp;h=414\"><\/p>\n\n\n\n<p>O secret\u00e1rio de Estado da Agricultura e Pecu\u00e1ria, Jaime Caf\u00e9, destacou que a reuni\u00e3o foi uma oportunidade para discutir projetos e programas voltados ao desenvolvimento da regi\u00e3o amaz\u00f4nica &#8211; Ant\u00f4nio Gon\u00e7alves\/Governo do Tocantins&nbsp;<a href=\"https:\/\/central.to.gov.br\/image\/414790?f=1\" target=\"_blank\" rel=\"noreferrer noopener\"><em>file_download<\/em><\/a><\/p>\n\n\n\n<p><img src=\"https:\/\/central.to.gov.br\/image\/414789?w=670&amp;h=414\"><\/p>\n\n\n\n<p>Chefe da Sudam em Bras\u00edlia, Sib\u00e1 Machado, apresenta propostas para destravar cr\u00e9dito e fortalecer a suinocultura no Tocantins &#8211; Ant\u00f4nio Gon\u00e7alves\/Governo do Tocantins&nbsp;<a href=\"https:\/\/central.to.gov.br\/image\/414789?f=1\" target=\"_blank\" rel=\"noreferrer noopener\"><em>file_download<\/em><\/a><\/p>\n\n\n\n<p><img src=\"https:\/\/central.to.gov.br\/image\/414788?w=670&amp;h=414\"><\/p>\n\n\n\n<p>Reuni\u00e3o tamb\u00e9m tratou da implanta\u00e7\u00e3o de consultoria especializada para impulsionar a suinocultura &#8211; Ant\u00f4nio Gon\u00e7alves\/Governo do Tocantins&nbsp;<a href=\"https:\/\/central.to.gov.br\/image\/414788?f=1\" target=\"_blank\" rel=\"noreferrer noopener\"><em>file_download<\/em><\/a><\/p>\n\n\n\n<p><img src=\"https:\/\/central.to.gov.br\/image\/414787?w=670&amp;h=414\"><\/p>\n\n\n\n<p>Governador Wanderlei Barbosa refor\u00e7a compromisso do Estado com o desenvolvimento do setor agropecu\u00e1rio e destaca import\u00e2ncia do cr\u00e9dito rural &#8211; Ant\u00f4nio Gon\u00e7alves\/Governo do Tocantins&nbsp;<a href=\"https:\/\/central.to.gov.br\/image\/414787?f=1\" target=\"_blank\" rel=\"noreferrer noopener\"><em>file_download<\/em><\/a><\/p>\n","protected":false},"excerpt":{"rendered":"<p>O governador do Tocantins, Wanderlei Barbosa, acompanhado do secret\u00e1rio de Estado da Agricultura e Pecu\u00e1ria, Jaime Caf\u00e9, recebeu nesta quinta-feira, 27, o chefe do Escrit\u00f3rio da Superintend\u00eancia do Desenvolvimento da Amaz\u00f4nia (Sudam) de Bras\u00edlia, Sib\u00e1 Machado. O encontro, realizado na sala de reuni\u00f5es do Pal\u00e1cio Araguaia Governador Jos\u00e9 Wilson Siqueira Campos, tamb\u00e9m contou com a [&hellip;]<\/p>\n","protected":false},"author":2,"featured_media":21512,"comment_status":"open","ping_status":"open","sticky":false,"template":"","format":"standard","meta":[],"categories":[3],"tags":[13],"_links":{"self":[{"href":"https:\/\/dgospel.com.br\/portal\/index.php\/wp-json\/wp\/v2\/posts\/21511"}],"collection":[{"href":"https:\/\/dgospel.com.br\/portal\/index.php\/wp-json\/wp\/v2\/posts"}],"about":[{"href":"https:\/\/dgospel.com.br\/portal\/index.php\/wp-json\/wp\/v2\/types\/post"}],"author":[{"embeddable":true,"href":"https:\/\/dgospel.com.br\/portal\/index.php\/wp-json\/wp\/v2\/users\/2"}],"replies":[{"embeddable":true,"href":"https:\/\/dgospel.com.br\/portal\/index.php\/wp-json\/wp\/v2\/comments?post=21511"}],"version-history":[{"count":1,"href":"https:\/\/dgospel.com.br\/portal\/index.php\/wp-json\/wp\/v2\/posts\/21511\/revisions"}],"predecessor-version":[{"id":21513,"href":"https:\/\/dgospel.com.br\/portal\/index.php\/wp-json\/wp\/v2\/posts\/21511\/revisions\/21513"}],"wp:featuredmedia":[{"embeddable":true,"href":"https:\/\/dgospel.com.br\/portal\/index.php\/wp-json\/wp\/v2\/media\/21512"}],"wp:attachment":[{"href":"https:\/\/dgospel.com.br\/portal\/index.php\/wp-json\/wp\/v2\/media?parent=21511"}],"wp:term":[{"taxonomy":"category","embeddable":true,"href":"https:\/\/dgospel.com.br\/portal\/index.php\/wp-json\/wp\/v2\/categories?post=21511"},{"taxonomy":"post_tag","embeddable":true,"href":"https:\/\/dgospel.com.br\/portal\/index.php\/wp-json\/wp\/v2\/tags?post=21511"}],"curies":[{"name":"wp","href":"https:\/\/api.w.org\/{rel}","templated":true}]}}