{"id":2153,"date":"2018-12-25T17:55:47","date_gmt":"2018-12-25T19:55:47","guid":{"rendered":"http:\/\/dgospel.com.br\/portal\/?p=2153"},"modified":"2018-12-25T17:55:47","modified_gmt":"2018-12-25T19:55:47","slug":"em-mensagem-de-natal-bolsonaro-diz-que-ira-restaurar-sentimento-familiar","status":"publish","type":"post","link":"https:\/\/dgospel.com.br\/portal\/index.php\/2018\/12\/25\/em-mensagem-de-natal-bolsonaro-diz-que-ira-restaurar-sentimento-familiar\/","title":{"rendered":"Em mensagem de Natal, Bolsonaro diz que ir\u00e1 restaurar \u201csentimento familiar\u201d"},"content":{"rendered":"<p>O presidente eleito,\u00a0<a href=\"https:\/\/guiame.com.br\/gospel\/noticias\/bolsonaro-diz-que-ira-seguir-os-ensinamentos-de-deus-em-seu-governo.html\"><strong>Jair<\/strong>\u00a0<strong>Bolsonaro<\/strong><\/a>, falou sobre a import\u00e2ncia dos valores da fam\u00edlia em uma mensagem de Natal nesta segunda-feira (24) nas redes sociais.<\/p>\n<p>\u201c\u00c9 chegado mais um Natal, momento especial onde relembramos e celebramos com nossas sagradas fam\u00edlias o nascimento de Cristo Jesus, nosso Senhor\u201d, disse Bolsonaro.<\/p>\n<p>\u201c\u00c9 com este sentimento de esperan\u00e7a, inspirado na fam\u00edlia simples que recebeu em um humilde pres\u00e9pio a encarna\u00e7\u00e3o do pr\u00f3prio Deus, que contemplamos tamb\u00e9m a chegada de um novo Brasil\u201d, acrescentou.<\/p>\n<p>Sua mensagem veio acompanhada de uma foto na qual ele segura no colo sua filha mais nova, Laura, fruto de seu relacionamento com sua esposa, Michelle Bolsonaro. Em sua declara\u00e7\u00e3o, Bolsonaro destacou a import\u00e2ncia da fam\u00edlia em seu governo.<\/p>\n<p>\u201cCom humildade, sempre dispostos a aceitar quem tem no cora\u00e7\u00e3o a vontade de construir um Brasil melhor, buscaremos nos pr\u00f3ximos anos restaurar o sentimento familiar h\u00e1 muito desgastado em nossa sociedade, bem como a paz dentro de nossos lares\u201d, finalizou.<\/p>\n<p>No Instagram, o pastor Lucinho Barreto, da Igreja Batista da Lagoinha, celebrou o posicionamento de f\u00e9 de Bolsonaro. \u201cMeu Deus! Ver um presidente do Brasil falando isso. \u00c9 um sonho? Se for n\u00e3o me acordem! Muito obrigado Jesus!\u201d, comentou.<\/p>\n<p>FONTE: GUIAME<\/p>\n","protected":false},"excerpt":{"rendered":"<p>O presidente eleito,\u00a0Jair\u00a0Bolsonaro, falou sobre a import\u00e2ncia dos valores da fam\u00edlia em uma mensagem de Natal nesta segunda-feira (24) nas redes sociais. \u201c\u00c9 chegado mais um Natal, momento especial onde relembramos e celebramos com nossas sagradas fam\u00edlias o nascimento de Cristo Jesus, nosso Senhor\u201d, disse Bolsonaro. \u201c\u00c9 com este sentimento de esperan\u00e7a, inspirado na fam\u00edlia [&hellip;]<\/p>\n","protected":false},"author":2,"featured_media":2154,"comment_status":"open","ping_status":"open","sticky":false,"template":"","format":"standard","meta":[],"categories":[2,6,4],"tags":[],"_links":{"self":[{"href":"https:\/\/dgospel.com.br\/portal\/index.php\/wp-json\/wp\/v2\/posts\/2153"}],"collection":[{"href":"https:\/\/dgospel.com.br\/portal\/index.php\/wp-json\/wp\/v2\/posts"}],"about":[{"href":"https:\/\/dgospel.com.br\/portal\/index.php\/wp-json\/wp\/v2\/types\/post"}],"author":[{"embeddable":true,"href":"https:\/\/dgospel.com.br\/portal\/index.php\/wp-json\/wp\/v2\/users\/2"}],"replies":[{"embeddable":true,"href":"https:\/\/dgospel.com.br\/portal\/index.php\/wp-json\/wp\/v2\/comments?post=2153"}],"version-history":[{"count":1,"href":"https:\/\/dgospel.com.br\/portal\/index.php\/wp-json\/wp\/v2\/posts\/2153\/revisions"}],"predecessor-version":[{"id":2155,"href":"https:\/\/dgospel.com.br\/portal\/index.php\/wp-json\/wp\/v2\/posts\/2153\/revisions\/2155"}],"wp:featuredmedia":[{"embeddable":true,"href":"https:\/\/dgospel.com.br\/portal\/index.php\/wp-json\/wp\/v2\/media\/2154"}],"wp:attachment":[{"href":"https:\/\/dgospel.com.br\/portal\/index.php\/wp-json\/wp\/v2\/media?parent=2153"}],"wp:term":[{"taxonomy":"category","embeddable":true,"href":"https:\/\/dgospel.com.br\/portal\/index.php\/wp-json\/wp\/v2\/categories?post=2153"},{"taxonomy":"post_tag","embeddable":true,"href":"https:\/\/dgospel.com.br\/portal\/index.php\/wp-json\/wp\/v2\/tags?post=2153"}],"curies":[{"name":"wp","href":"https:\/\/api.w.org\/{rel}","templated":true}]}}