{"id":21530,"date":"2025-03-07T11:13:19","date_gmt":"2025-03-07T14:13:19","guid":{"rendered":"https:\/\/dgospel.com.br\/portal\/?p=21530"},"modified":"2025-03-07T11:13:20","modified_gmt":"2025-03-07T14:13:20","slug":"fpa-acoes-do-governo-contra-alta-dos-alimentos-sao-ineficazes","status":"publish","type":"post","link":"https:\/\/dgospel.com.br\/portal\/index.php\/2025\/03\/07\/fpa-acoes-do-governo-contra-alta-dos-alimentos-sao-ineficazes\/","title":{"rendered":"FPA: A\u00e7\u00f5es do governo contra alta dos alimentos s\u00e3o ineficazes"},"content":{"rendered":"\n<p>A Frente Parlamentar da Agropecu\u00e1ria (FPA) classificou de \u201cineficazes\u201d a s\u00e9rie de medidas anunciadas pelo governo nesta quinta-feira (6) para tentar baixar os pre\u00e7os dos alimentos. Em nota, a entidade defende que o meio mais eficiente para combater a alta nos pre\u00e7os de comida \u00e9 a colheita da safra, que ocorre nos pr\u00f3ximos meses, e a corre\u00e7\u00e3o de a\u00e7\u00f5es que impactam o custo de produ\u00e7\u00e3o no pa\u00eds.<\/p>\n\n\n\n<p>\u2013 As medidas apresentadas pelo governo federal, nesta quinta-feira, s\u00e3o pontuais e ineficazes para efeito imediato, especialmente quando se gasta recurso interno ao zerar impostos para produtos importados, sem garantir o refor\u00e7o ao apoio da produ\u00e7\u00e3o brasileira \u2013 diz a nota.<\/p>\n\n\n\n<p>A entidade avalia que \u00e9 fundamental iniciar as tratativas do novo Plano Safra 2025\/2026, com garantia de implementa\u00e7\u00e3o total de recursos e do acesso pleno e com juros adequados aos produtores rurais.<\/p>\n\n\n\n<p>A FPA afirma que o problema da infla\u00e7\u00e3o n\u00e3o est\u00e1 ligado \u00e0 oferta de alimentos.<\/p>\n\n\n\n<p>\u2013 O governo federal tenta criar a narrativa de buscar solu\u00e7\u00f5es, quando o problema est\u00e1 concentrado no seu pr\u00f3prio desequil\u00edbrio fiscal, respons\u00e1vel por onerar os custos e por alavancar a infla\u00e7\u00e3o.<\/p>\n\n\n\n<p>O argumento da entidade \u00e9 de que n\u00e3o \u00e9 com a transfer\u00eancia do \u00f4nus de bancar o desequil\u00edbrio das contas p\u00fablicas para os produtores rurais que a comida ficar\u00e1 mais barata e haver\u00e1 uma produ\u00e7\u00e3o economicamente vi\u00e1vel.<\/p>\n\n\n\n<p>A frente tamb\u00e9m diz aguardar o retorno do governo sobre medidas estruturantes de curto e m\u00e9dio prazo que foram apresentadas pela FPA e setor produtivo na \u00faltima semana.<\/p>\n\n\n\n<p>*AE<\/p>\n","protected":false},"excerpt":{"rendered":"<p>A Frente Parlamentar da Agropecu\u00e1ria (FPA) classificou de \u201cineficazes\u201d a s\u00e9rie de medidas anunciadas pelo governo nesta quinta-feira (6) para tentar baixar os pre\u00e7os dos alimentos. Em nota, a entidade defende que o meio mais eficiente para combater a alta nos pre\u00e7os de comida \u00e9 a colheita da safra, que ocorre nos pr\u00f3ximos meses, e [&hellip;]<\/p>\n","protected":false},"author":2,"featured_media":21531,"comment_status":"open","ping_status":"open","sticky":false,"template":"","format":"standard","meta":[],"categories":[10],"tags":[],"_links":{"self":[{"href":"https:\/\/dgospel.com.br\/portal\/index.php\/wp-json\/wp\/v2\/posts\/21530"}],"collection":[{"href":"https:\/\/dgospel.com.br\/portal\/index.php\/wp-json\/wp\/v2\/posts"}],"about":[{"href":"https:\/\/dgospel.com.br\/portal\/index.php\/wp-json\/wp\/v2\/types\/post"}],"author":[{"embeddable":true,"href":"https:\/\/dgospel.com.br\/portal\/index.php\/wp-json\/wp\/v2\/users\/2"}],"replies":[{"embeddable":true,"href":"https:\/\/dgospel.com.br\/portal\/index.php\/wp-json\/wp\/v2\/comments?post=21530"}],"version-history":[{"count":1,"href":"https:\/\/dgospel.com.br\/portal\/index.php\/wp-json\/wp\/v2\/posts\/21530\/revisions"}],"predecessor-version":[{"id":21532,"href":"https:\/\/dgospel.com.br\/portal\/index.php\/wp-json\/wp\/v2\/posts\/21530\/revisions\/21532"}],"wp:featuredmedia":[{"embeddable":true,"href":"https:\/\/dgospel.com.br\/portal\/index.php\/wp-json\/wp\/v2\/media\/21531"}],"wp:attachment":[{"href":"https:\/\/dgospel.com.br\/portal\/index.php\/wp-json\/wp\/v2\/media?parent=21530"}],"wp:term":[{"taxonomy":"category","embeddable":true,"href":"https:\/\/dgospel.com.br\/portal\/index.php\/wp-json\/wp\/v2\/categories?post=21530"},{"taxonomy":"post_tag","embeddable":true,"href":"https:\/\/dgospel.com.br\/portal\/index.php\/wp-json\/wp\/v2\/tags?post=21530"}],"curies":[{"name":"wp","href":"https:\/\/api.w.org\/{rel}","templated":true}]}}