{"id":21533,"date":"2025-03-07T11:18:52","date_gmt":"2025-03-07T14:18:52","guid":{"rendered":"https:\/\/dgospel.com.br\/portal\/?p=21533"},"modified":"2025-03-07T11:18:53","modified_gmt":"2025-03-07T14:18:53","slug":"numero-de-deputados-federais-pode-aumentar-para-527-entenda","status":"publish","type":"post","link":"https:\/\/dgospel.com.br\/portal\/index.php\/2025\/03\/07\/numero-de-deputados-federais-pode-aumentar-para-527-entenda\/","title":{"rendered":"N\u00famero de deputados federais pode aumentar para 527; entenda"},"content":{"rendered":"\n<p>O n\u00famero de deputados federais pode aumentar de 513 para 527. O tema deve ser discutido na C\u00e2mara dos Deputados ainda neste semestre e vai depender de um acordo que deve ser constru\u00eddo entre o Supremo Tribunal Federal (STF) e o presidente da Casa, Hugo Motta (Republicanos-PB), que j\u00e1 sinalizou ser a favor desse tema.<\/p>\n\n\n\n<p>O STF decidiu, em 2023, que o n\u00famero de deputados por estado deve ser ajustado conforme os dados do Censo de 2022. O Congresso Nacional tem at\u00e9 30 de junho deste ano para aprovar uma lei que revise a distribui\u00e7\u00e3o das cadeiras na C\u00e2mara, adequando-as \u00e0 popula\u00e7\u00e3o de cada estado.<\/p>\n\n\n\n<p>A proposta prev\u00ea que 14 estados teriam mudan\u00e7as no n\u00famero de representantes. Santa Catarina e Par\u00e1 ganhariam quatro cadeiras cada. Amazonas teria mais duas, e Cear\u00e1, Goi\u00e1s, Minas Gerais e Mato Grosso ganhariam uma vaga cada. J\u00e1 Rio de Janeiro perderia quatro cadeiras, Rio Grande do Sul e Piau\u00ed perderiam duas, e Para\u00edba, Bahia, Pernambuco e Alagoas perderiam uma.<\/p>\n\n\n\n<p>Tramita na C\u00e2mara o Projeto de Lei Complementar 148\/23 que tamb\u00e9m prop\u00f5e a redistribui\u00e7\u00e3o das vagas com base no Censo nos estados e Distrito Federal. Essas mudan\u00e7as teriam que acontecer um ano antes das elei\u00e7\u00f5es de acordo com os dados populacionais divulgados pelo IBGE.<\/p>\n\n\n\n<p>O autor do projeto, deputado Penzeti (MDB-SC) defende a mudan\u00e7a porque h\u00e1 uma migra\u00e7\u00e3o entre os estados. Em Santa Catarina, segundo ele, o correto seria aumentar quatro vagas se for considerar o aumento populacional.<\/p>\n\n\n\n<p>J\u00e1 o deputado \u00c1tila Lira (PP-PI), de um estado que perderia duas vagas, defende o aumento do n\u00famero total de deputados. Para ele, a solu\u00e7\u00e3o pode ser manter a representatividade sem elevar custos, congelando verbas de gabinete e ajustando despesas da C\u00e2mara.<\/p>\n","protected":false},"excerpt":{"rendered":"<p>O n\u00famero de deputados federais pode aumentar de 513 para 527. O tema deve ser discutido na C\u00e2mara dos Deputados ainda neste semestre e vai depender de um acordo que deve ser constru\u00eddo entre o Supremo Tribunal Federal (STF) e o presidente da Casa, Hugo Motta (Republicanos-PB), que j\u00e1 sinalizou ser a favor desse tema. [&hellip;]<\/p>\n","protected":false},"author":2,"featured_media":21534,"comment_status":"open","ping_status":"open","sticky":false,"template":"","format":"standard","meta":[],"categories":[8],"tags":[],"_links":{"self":[{"href":"https:\/\/dgospel.com.br\/portal\/index.php\/wp-json\/wp\/v2\/posts\/21533"}],"collection":[{"href":"https:\/\/dgospel.com.br\/portal\/index.php\/wp-json\/wp\/v2\/posts"}],"about":[{"href":"https:\/\/dgospel.com.br\/portal\/index.php\/wp-json\/wp\/v2\/types\/post"}],"author":[{"embeddable":true,"href":"https:\/\/dgospel.com.br\/portal\/index.php\/wp-json\/wp\/v2\/users\/2"}],"replies":[{"embeddable":true,"href":"https:\/\/dgospel.com.br\/portal\/index.php\/wp-json\/wp\/v2\/comments?post=21533"}],"version-history":[{"count":1,"href":"https:\/\/dgospel.com.br\/portal\/index.php\/wp-json\/wp\/v2\/posts\/21533\/revisions"}],"predecessor-version":[{"id":21535,"href":"https:\/\/dgospel.com.br\/portal\/index.php\/wp-json\/wp\/v2\/posts\/21533\/revisions\/21535"}],"wp:featuredmedia":[{"embeddable":true,"href":"https:\/\/dgospel.com.br\/portal\/index.php\/wp-json\/wp\/v2\/media\/21534"}],"wp:attachment":[{"href":"https:\/\/dgospel.com.br\/portal\/index.php\/wp-json\/wp\/v2\/media?parent=21533"}],"wp:term":[{"taxonomy":"category","embeddable":true,"href":"https:\/\/dgospel.com.br\/portal\/index.php\/wp-json\/wp\/v2\/categories?post=21533"},{"taxonomy":"post_tag","embeddable":true,"href":"https:\/\/dgospel.com.br\/portal\/index.php\/wp-json\/wp\/v2\/tags?post=21533"}],"curies":[{"name":"wp","href":"https:\/\/api.w.org\/{rel}","templated":true}]}}