{"id":21536,"date":"2025-03-07T11:26:25","date_gmt":"2025-03-07T14:26:25","guid":{"rendered":"https:\/\/dgospel.com.br\/portal\/?p=21536"},"modified":"2025-03-07T11:26:26","modified_gmt":"2025-03-07T14:26:26","slug":"lideres-cristaos-pro-israel-formam-coalizao-para-aumentar-o-apoio-dos-eua-a-israel","status":"publish","type":"post","link":"https:\/\/dgospel.com.br\/portal\/index.php\/2025\/03\/07\/lideres-cristaos-pro-israel-formam-coalizao-para-aumentar-o-apoio-dos-eua-a-israel\/","title":{"rendered":"L\u00edderes crist\u00e3os pr\u00f3-Israel formam coaliz\u00e3o para aumentar o apoio dos EUA a Israel"},"content":{"rendered":"\n<p>Em um sinal de crescente confian\u00e7a e influ\u00eancia pol\u00edtica,&nbsp;<strong><a href=\"https:\/\/guiame.com.br\/gospel\/israel\/lideres-cristaos-dos-eua-recebem-netanyahu-estamos-firmemente-ao-lado-de-israel\">l\u00edderes crist\u00e3os pr\u00f3-Israel<\/a><\/strong>&nbsp;se reuniram na ter\u00e7a-feira (04), no Museu dos Amigos de Si\u00e3o, em Jerusal\u00e9m, para celebrar o lan\u00e7amento israelense da Confer\u00eancia de Presidentes (COP) de Organiza\u00e7\u00f5es Crist\u00e3s em Apoio a Israel.<\/p>\n\n\n\n<p>O evento, continua\u00e7\u00e3o de um encontro em Washington, D.C., em setembro, ocorreu dois meses ap\u00f3s o in\u00edcio do governo Trump, per\u00edodo em que l\u00edderes sionistas crist\u00e3os acreditam ter maior influ\u00eancia para moldar a pol\u00edtica dos EUA em favor de Israel.<\/p>\n\n\n\n<p>A coaliz\u00e3o busca promover pol\u00edticas pr\u00f3-Israel nos \u00e2mbitos executivo, legislativo e estadual, enquanto mobiliza esfor\u00e7os populares para fortalecer as rela\u00e7\u00f5es entre EUA e Israel e&nbsp;<strong><a href=\"https:\/\/guiame.com.br\/gospel\/noticias\/trump-toma-medidas-sem-precedentes-para-combater-o-antissemitismo-nos-eua.html\">combater o antissemitismo<\/a><\/strong>&nbsp;na Am\u00e9rica do Norte, explicou Mario Bramnick, presidente da Coaliz\u00e3o Latina por Israel e cofundador da Confer\u00eancia dos Presidentes.<\/p>\n\n\n\n<p>Entre os outros cofundadores est\u00e3o o Rev. Tony Perkins, presidente do Family Research Council; Michele Bachmann, reitora da Escola de Governo da Regent University e ex-congressista dos EUA; e Luke Moon, diretor executivo do Philos Project.<\/p>\n\n\n\n<p>\u201cCremos que nenhuma organiza\u00e7\u00e3o sozinha \u00e9 capaz de realizar isso\u201d, disse Bramnick em seu discurso de abertura. \u201cVamos incentivar todo o excelente trabalho de tantas organiza\u00e7\u00f5es diferentes que est\u00e3o ajudando Israel agora nos Estados Unidos. Mas acreditamos que uma voz unida ser\u00e1 uma voz forte junto ao governo Trump, no \u00e2mbito legislativo e estadual.\u201d<\/p>\n\n\n\n<p><strong>Unidade<\/strong><\/p>\n\n\n\n<p>Bramnick destacou a import\u00e2ncia da unidade, observando como os advers\u00e1rios de Israel coordenam seus esfor\u00e7os. Ele afirmou que \u00e9 hora de os&nbsp;<strong><a href=\"https:\/\/guiame.com.br\/gospel\/israel\/pastores-estao-em-lista-dos-50-principais-aliados-cristaos-de-israel\">apoiadores crist\u00e3os de Israel<\/a><\/strong>&nbsp;seguirem o exemplo e se unirem.<\/p>\n\n\n\n<p>A Christian Conference of Presidents segue o modelo da Conference of Presidents of Major American Jewish Organizations, liderada por William Daroff. Essa entidade re\u00fane mais de 50 grupos judaicos para tratar das quest\u00f5es mais relevantes da comunidade.<\/p>\n\n\n\n<p>Moon destacou uma diferen\u00e7a essencial, afirmando: \u201cProvavelmente h\u00e1 menos conflito interno\u201d, ao explicar que a coaliz\u00e3o crist\u00e3 apresenta menos divis\u00f5es ideol\u00f3gicas.<\/p>\n\n\n\n<p>\u201cSentimos apenas a necessidade de cantar do mesmo hin\u00e1rio\u201d, disse ele ao The Media Line.<\/p>\n\n\n\n<p>A COP crist\u00e3 pretende tratar de quest\u00f5es cruciais, especialmente a soberania de Israel sobre a Judeia e Samaria, nomes hebraicos de origem b\u00edblica para a regi\u00e3o conhecida internacionalmente como Cisjord\u00e2nia, designa\u00e7\u00e3o criada pelo governo jordaniano.<\/p>\n\n\n\n<p>Ralph Reed, fundador da Faith and Freedom Coalition, afirmou que sua organiza\u00e7\u00e3o apoia a soberania, considerando a Judeia e Samaria como o cora\u00e7\u00e3o b\u00edblico, o &#8220;Cintur\u00e3o B\u00edblico&#8221; de Israel.<\/p>\n\n\n\n<p>\u201c\u00c9 l\u00e1 que est\u00e1 Hebron. \u00c9 l\u00e1 que est\u00e1 Bel\u00e9m. \u00c9 o local de nascimento de Jesus, o lar do Rei Davi\u201d, disse Reed ao The Media Line. \u201cH\u00e1 muito ali; \u00e9 o cora\u00e7\u00e3o espiritual do pa\u00eds.\u201d<\/p>\n\n\n\n<p>Reed afirmou que ele e seus apoiadores sempre consideraram a terra como pertencente ao povo judeu. Ele tamb\u00e9m destacou o fracasso da f\u00f3rmula terra por paz, citando a crescente radicaliza\u00e7\u00e3o entre os palestinos e uma pesquisa de um think tank em Ramallah que revelou apoio majorit\u00e1rio ao ataque do Hamas em 7 de outubro de 2023.<\/p>\n\n\n\n<p>Ele alertou que o controle palestino na Judeia e Samaria representa uma amea\u00e7a de seguran\u00e7a a longo prazo para Israel, comparando a situa\u00e7\u00e3o ao n\u00edvel de instabilidade que Gaza apresentava antes de 7 de outubro.<\/p>\n\n\n\n<p>Reed defendeu uma maior presen\u00e7a da IDF na regi\u00e3o e o direito de Israel de ampliar sua soberania para garantir prote\u00e7\u00e3o. Ele acredita que o governo Trump apoiar\u00e1 essa posi\u00e7\u00e3o, embora ainda haja incertezas.<\/p>\n\n\n\n<p><strong>Judeia e Samaria<\/strong><\/p>\n\n\n\n<p>Em uma coletiva de imprensa em 5 de fevereiro, o presidente Trump afirmou que sua administra\u00e7\u00e3o anunciaria sua posi\u00e7\u00e3o sobre a anexa\u00e7\u00e3o da Judeia e Samaria em quatro semanas, com um an\u00fancio esperado em breve.<\/p>\n\n\n\n<p>Perkins esteve presente no evento e dedicou grande parte de sua terceira visita a Israel, desde o in\u00edcio da atual Guerra Israel-Hamas, \u00e0 regi\u00e3o da&nbsp;<strong><a href=\"https:\/\/guiame.com.br\/gospel\/israel\/estado-americano-nomeia-judeia-e-samaria-como-coracao-biblico-de-israel.html\">Judeia e Samaria<\/a><\/strong>.<\/p>\n\n\n\n<p>\u201cAcredito que este \u00e9 um momento em que precisamos educar a comunidade evang\u00e9lica sobre o que est\u00e1 em jogo aqui, que \u00e9 a capacidade de Israel de se proteger, al\u00e9m de exercer legitimamente autoridade sobre a terra que Deus lhes deu\u201d, disse Perkins.<\/p>\n\n\n\n<p>Ele recordou reuni\u00f5es de 2004, antes da retirada de Israel de Gaza, quando mais de 8.000 judeus foram deslocados de Gush Katif em busca da paz com os palestinos. No entanto, Israel enfrentou 18 anos de terrorismo e foguetes, culminando no ataque de 7 de outubro.<\/p>\n\n\n\n<p>\u201cA Judeia e Samaria t\u00eam 16 vezes o tamanho territorial de Gaza\u201d, disse Perkins ao The Media Line. \u201c\u00c9 invi\u00e1vel.\u201d<\/p>\n\n\n\n<p>Perkins afirmou que pretende passar mais tempo no cora\u00e7\u00e3o b\u00edblico, reunindo-se com moradores, l\u00edderes religiosos e autoridades, e levar experi\u00eancias diretas para compartilhar com seus seguidores. Pol\u00edticos israelenses j\u00e1 avan\u00e7aram nessa dire\u00e7\u00e3o.<\/p>\n\n\n\n<p>No m\u00eas passado, o MK Ohad Tal prop\u00f4s um projeto de lei para aplicar a soberania israelense na Judeia e Samaria. Em dezembro, foi apresentada uma legisla\u00e7\u00e3o exigindo aprova\u00e7\u00e3o de 80 membros do Knesset ou um referendo para criar um estado palestino na regi\u00e3o.<\/p>\n\n\n\n<p>Durante a Confer\u00eancia B&#8217;Sheva Jerusal\u00e9m, o Ministro das Finan\u00e7as Bezalel Smotrich afirmou que, nos \u00faltimos dois anos, Israel j\u00e1 vem exercendo soberania de fato, construindo casas e estradas e consolidando uma realidade que dificulta abrir m\u00e3o da terra.<\/p>\n\n\n\n<p><strong>&#8216;Deus est\u00e1 dando a Israel um cheque em branco&#8217;<\/strong><\/p>\n\n\n\n<p>Na comunidade crist\u00e3 evang\u00e9lica, o presidente Trump \u00e9 amplamente considerado o mais pr\u00f3-Israel da hist\u00f3ria dos EUA, com sua presid\u00eancia vista por muitos como uma oportunidade \u00fanica para Israel.<\/p>\n\n\n\n<p>Bramnick mencionou que participou de um encontro com o Primeiro Ministro Netanyahu em Washington, pouco antes de Trump sugerir a realoca\u00e7\u00e3o de moradores de Gaza e a cria\u00e7\u00e3o de uma Riviera de Gaza sob controle dos EUA.<\/p>\n\n\n\n<p>\u201cSinto literalmente que Deus est\u00e1 dando a Israel um cheque em branco para come\u00e7ar a escrever, para sonhar novamente\u201d, disse Bramnick. \u201cA m\u00e3o de Deus est\u00e1 sobre Israel, e esta \u00e9 a sua oportunidade de se levantar no que Deus tem para a sua na\u00e7\u00e3o.\u201d<\/p>\n\n\n\n<p>Reed compartilhou da vis\u00e3o de Bramnick, enfatizando que os crist\u00e3os apoiam plenamente qualquer medida que Israel considere necess\u00e1ria para eliminar o terrorismo em suas fronteiras.<\/p>\n\n\n\n<p>O enviado dos EUA para o Oriente M\u00e9dio, Steve Witkoff, deve chegar \u00e0 regi\u00e3o em breve para avan\u00e7ar na Fase I ampliada do acordo de ref\u00e9ns por cessar-fogo. No entanto, Reed criticou solu\u00e7\u00f5es diplom\u00e1ticas, citando o fracasso de negocia\u00e7\u00f5es anteriores.<\/p>\n\n\n\n<p>\u201cN\u00e3o vejo outra solu\u00e7\u00e3o, com base no hist\u00f3rico deles, al\u00e9m de atac\u00e1-los de forma intensa e contundente militarmente\u201d, disse ele.<\/p>\n\n\n\n<p>Reed acrescentou: \u201cEstou aqui para dizer que, se Israel sentir que precisa tomar a\u00e7\u00f5es militares adicionais em Gaza ou em qualquer outro lugar para proteger seus leg\u00edtimos interesses de seguran\u00e7a, ter\u00e1 nosso total apoio.\u201d<\/p>\n\n\n\n<p>Diversos analistas consideram o plano da administra\u00e7\u00e3o Trump irrealista, possivelmente at\u00e9 ilegal. Paralelamente, o mundo \u00e1rabe rejeitou a proposta e sugeriu alternativas pr\u00f3prias.<\/p>\n\n\n\n<p><strong>&#8216;EUA e Israel est\u00e3o interligados&#8217;<\/strong><\/p>\n\n\n\n<p>Reed afirmou que a reelei\u00e7\u00e3o de Donald Trump em 2024 consolidou as comunidades conservadoras e religiosas nos EUA, destacando que a vit\u00f3ria republicana refletiu o desejo dos americanos de afastar os democratas.<\/p>\n\n\n\n<p>\u201cPode-se debater o que mais contribuiu: foi a infla\u00e7\u00e3o? Foi o alto custo da moradia e dos alimentos? Foi apenas uma sensa\u00e7\u00e3o geral de que a economia e o pa\u00eds estavam no caminho errado, j\u00e1 que esses n\u00fameros eram historicamente altos? Foi a quest\u00e3o da fronteira? Foram todas essas pol\u00edticas radicais, incluindo a agenda de g\u00eanero ou a agenda trans? Acho que a resposta \u00e9 que foi um pouco de tudo isso. Foi a agenda social radical combinada com um n\u00edvel impressionante de incompet\u00eancia tanto em assuntos externos quanto em pol\u00edticas dom\u00e9sticas\u201d, argumentou Reed. \u201cAcho que o povo americano j\u00e1 teve o suficiente.\u201d<\/p>\n\n\n\n<p>Os crist\u00e3os evang\u00e9licos desempenharam um papel crucial na elei\u00e7\u00e3o de Donald Trump, e Reed acredita que o presidente retribuir\u00e1 esse apoio. Ele destacou a conex\u00e3o profunda e b\u00edblica que os crist\u00e3os americanos, especialmente os evang\u00e9licos, t\u00eam com Israel, algo que Trump compreende.<\/p>\n","protected":false},"excerpt":{"rendered":"<p>Em um sinal de crescente confian\u00e7a e influ\u00eancia pol\u00edtica,&nbsp;l\u00edderes crist\u00e3os pr\u00f3-Israel&nbsp;se reuniram na ter\u00e7a-feira (04), no Museu dos Amigos de Si\u00e3o, em Jerusal\u00e9m, para celebrar o lan\u00e7amento israelense da Confer\u00eancia de Presidentes (COP) de Organiza\u00e7\u00f5es Crist\u00e3s em Apoio a Israel. O evento, continua\u00e7\u00e3o de um encontro em Washington, D.C., em setembro, ocorreu dois meses ap\u00f3s [&hellip;]<\/p>\n","protected":false},"author":2,"featured_media":21537,"comment_status":"open","ping_status":"open","sticky":false,"template":"","format":"standard","meta":[],"categories":[12,16],"tags":[],"_links":{"self":[{"href":"https:\/\/dgospel.com.br\/portal\/index.php\/wp-json\/wp\/v2\/posts\/21536"}],"collection":[{"href":"https:\/\/dgospel.com.br\/portal\/index.php\/wp-json\/wp\/v2\/posts"}],"about":[{"href":"https:\/\/dgospel.com.br\/portal\/index.php\/wp-json\/wp\/v2\/types\/post"}],"author":[{"embeddable":true,"href":"https:\/\/dgospel.com.br\/portal\/index.php\/wp-json\/wp\/v2\/users\/2"}],"replies":[{"embeddable":true,"href":"https:\/\/dgospel.com.br\/portal\/index.php\/wp-json\/wp\/v2\/comments?post=21536"}],"version-history":[{"count":1,"href":"https:\/\/dgospel.com.br\/portal\/index.php\/wp-json\/wp\/v2\/posts\/21536\/revisions"}],"predecessor-version":[{"id":21538,"href":"https:\/\/dgospel.com.br\/portal\/index.php\/wp-json\/wp\/v2\/posts\/21536\/revisions\/21538"}],"wp:featuredmedia":[{"embeddable":true,"href":"https:\/\/dgospel.com.br\/portal\/index.php\/wp-json\/wp\/v2\/media\/21537"}],"wp:attachment":[{"href":"https:\/\/dgospel.com.br\/portal\/index.php\/wp-json\/wp\/v2\/media?parent=21536"}],"wp:term":[{"taxonomy":"category","embeddable":true,"href":"https:\/\/dgospel.com.br\/portal\/index.php\/wp-json\/wp\/v2\/categories?post=21536"},{"taxonomy":"post_tag","embeddable":true,"href":"https:\/\/dgospel.com.br\/portal\/index.php\/wp-json\/wp\/v2\/tags?post=21536"}],"curies":[{"name":"wp","href":"https:\/\/api.w.org\/{rel}","templated":true}]}}