{"id":21539,"date":"2025-03-07T11:33:27","date_gmt":"2025-03-07T14:33:27","guid":{"rendered":"https:\/\/dgospel.com.br\/portal\/?p=21539"},"modified":"2025-03-07T11:33:28","modified_gmt":"2025-03-07T14:33:28","slug":"transparencia-internacional-denuncia-ministro-dias-toffoli-a-oea-por-desmonte-no-combate-a-corrupcao","status":"publish","type":"post","link":"https:\/\/dgospel.com.br\/portal\/index.php\/2025\/03\/07\/transparencia-internacional-denuncia-ministro-dias-toffoli-a-oea-por-desmonte-no-combate-a-corrupcao\/","title":{"rendered":"Transpar\u00eancia Internacional denuncia ministro Dias Toffoli \u00e0 OEA por \u201cdesmonte\u201d no Combate \u00e0 Corrup\u00e7\u00e3o"},"content":{"rendered":"\n<p>A Transpar\u00eancia Internacional (TI) denunciou o ministro do Supremo Tribunal Federal (STF) Dias Toffoli \u00e0 Comiss\u00e3o de Direitos Humanos da Organiza\u00e7\u00e3o dos Estados Americanos (OEA), acusando-o de promover o \u201cdesmonte\u201d do combate \u00e0 corrup\u00e7\u00e3o no Brasil e em outros pa\u00edses da Am\u00e9rica Latina. A den\u00fancia tem como principal foco a decis\u00e3o de Toffoli que anulou provas da Odebrecht (atual Novonor) na Lava Jato.<\/p>\n\n\n\n<p>Segundo Guilherme France, gerente de pesquisa e advocacy da TI-Brasil, a decis\u00e3o monocr\u00e1tica de Toffoli, tomada em setembro de 2023, teve um impacto profundo na regi\u00e3o, resultando na anula\u00e7\u00e3o de mais de 100 processos de corrup\u00e7\u00e3o e na soltura de r\u00e9us n\u00e3o apenas no Brasil, mas tamb\u00e9m em pa\u00edses como Uruguai, Equador, M\u00e9xico, Peru, Panam\u00e1, Estados Unidos e Argentina.<\/p>\n\n\n\n<p><strong>\u201cSe o Brasil primeiro exportou corrup\u00e7\u00e3o, agora exporta impunidade\u201d,<\/strong>&nbsp;declarou France durante a sess\u00e3o da OEA.<\/p>\n\n\n\n<p>Al\u00e9m disso, a organiza\u00e7\u00e3o denuncia que h\u00e1 recursos contra a decis\u00e3o de Toffoli parados no STF h\u00e1 18 meses, sem julgamento. France alega que o Judici\u00e1rio brasileiro tem dificultado investiga\u00e7\u00f5es internacionais, bloqueando o envio de informa\u00e7\u00f5es e depoimentos sobre esquemas de corrup\u00e7\u00e3o. \u201cDa\u00ed a nossa decis\u00e3o de protestar em conjunto com outros pa\u00edses na OEA\u201d, afirmou.<\/p>\n\n\n\n<p>A rela\u00e7\u00e3o entre Toffoli e a Transpar\u00eancia Internacional se tornou ainda mais tensa em fevereiro do ano passado, quando o ministro determinou a investiga\u00e7\u00e3o da entidade por suposta cumplicidade com um procurador da Lava Jato e por poss\u00edvel apropria\u00e7\u00e3o de verbas do acordo de leni\u00eancia da J&amp;F. No entanto, em outubro, a Procuradoria-Geral da Rep\u00fablica (PGR) pediu o arquivamento do caso, alegando falta de provas.<\/p>\n\n\n\n<p>Em resposta \u00e0 den\u00fancia na OEA, Toffoli afirmou que sua decis\u00e3o seguiu entendimento j\u00e1 adotado pelo STF. \u201cAs decis\u00f5es do ministro Dias Toffoli s\u00e3o extens\u00f5es de decis\u00e3o colegiada da Segunda Turma, tomada em fevereiro de 2022, quando ele ainda n\u00e3o a integrava, sob relatoria do ent\u00e3o ministro Ricardo Lewandowski, a quem ele sucedeu na relatoria\u201d, disse o gabinete do ministro em nota.<\/p>\n","protected":false},"excerpt":{"rendered":"<p>A Transpar\u00eancia Internacional (TI) denunciou o ministro do Supremo Tribunal Federal (STF) Dias Toffoli \u00e0 Comiss\u00e3o de Direitos Humanos da Organiza\u00e7\u00e3o dos Estados Americanos (OEA), acusando-o de promover o \u201cdesmonte\u201d do combate \u00e0 corrup\u00e7\u00e3o no Brasil e em outros pa\u00edses da Am\u00e9rica Latina. A den\u00fancia tem como principal foco a decis\u00e3o de Toffoli que anulou [&hellip;]<\/p>\n","protected":false},"author":2,"featured_media":21540,"comment_status":"open","ping_status":"open","sticky":false,"template":"","format":"standard","meta":[],"categories":[12,10],"tags":[],"_links":{"self":[{"href":"https:\/\/dgospel.com.br\/portal\/index.php\/wp-json\/wp\/v2\/posts\/21539"}],"collection":[{"href":"https:\/\/dgospel.com.br\/portal\/index.php\/wp-json\/wp\/v2\/posts"}],"about":[{"href":"https:\/\/dgospel.com.br\/portal\/index.php\/wp-json\/wp\/v2\/types\/post"}],"author":[{"embeddable":true,"href":"https:\/\/dgospel.com.br\/portal\/index.php\/wp-json\/wp\/v2\/users\/2"}],"replies":[{"embeddable":true,"href":"https:\/\/dgospel.com.br\/portal\/index.php\/wp-json\/wp\/v2\/comments?post=21539"}],"version-history":[{"count":1,"href":"https:\/\/dgospel.com.br\/portal\/index.php\/wp-json\/wp\/v2\/posts\/21539\/revisions"}],"predecessor-version":[{"id":21541,"href":"https:\/\/dgospel.com.br\/portal\/index.php\/wp-json\/wp\/v2\/posts\/21539\/revisions\/21541"}],"wp:featuredmedia":[{"embeddable":true,"href":"https:\/\/dgospel.com.br\/portal\/index.php\/wp-json\/wp\/v2\/media\/21540"}],"wp:attachment":[{"href":"https:\/\/dgospel.com.br\/portal\/index.php\/wp-json\/wp\/v2\/media?parent=21539"}],"wp:term":[{"taxonomy":"category","embeddable":true,"href":"https:\/\/dgospel.com.br\/portal\/index.php\/wp-json\/wp\/v2\/categories?post=21539"},{"taxonomy":"post_tag","embeddable":true,"href":"https:\/\/dgospel.com.br\/portal\/index.php\/wp-json\/wp\/v2\/tags?post=21539"}],"curies":[{"name":"wp","href":"https:\/\/api.w.org\/{rel}","templated":true}]}}