{"id":21543,"date":"2025-03-07T11:46:20","date_gmt":"2025-03-07T14:46:20","guid":{"rendered":"https:\/\/dgospel.com.br\/portal\/?p=21543"},"modified":"2025-03-07T11:46:20","modified_gmt":"2025-03-07T14:46:20","slug":"avaliacao-negativa-do-governo-lula-passa-de-50-diz-atlasintel","status":"publish","type":"post","link":"https:\/\/dgospel.com.br\/portal\/index.php\/2025\/03\/07\/avaliacao-negativa-do-governo-lula-passa-de-50-diz-atlasintel\/","title":{"rendered":"Avalia\u00e7\u00e3o negativa do governo Lula passa de 50%, diz AtlasIntel"},"content":{"rendered":"\n<p>A avalia\u00e7\u00e3o negativa do governo do presidente Luiz In\u00e1cio Lula da Silva (PT) cresceu entre janeiro e fevereiro deste ano, segundo aponta nova pesquisa do instituto AtlasIntel divulgada nesta sexta-feira (7). De acordo com o levantamento, 50,8% consideram a gest\u00e3o ruim ou p\u00e9ssima, sendo que antes o \u00edndice era de 46,5%, ou seja, um crescimento de 4,3 pontos porcentuais.<\/p>\n\n\n\n<p>Os que acham o trabalho do governo \u00f3timo ou bom eram 37,8% e agora s\u00e3o 37,6%, uma oscila\u00e7\u00e3o de 0,2 ponto porcentual. Outros 11,3% consideram a gest\u00e3o regular (em janeiro era 15,6%). Houve ainda 0,4% dos entrevistados que n\u00e3o souberam responder.<\/p>\n\n\n\n<p>A AtlasIntel ouviu 5.710 eleitores, por meio de recrutamento digital aleat\u00f3rio, entre os dias 24 e 27 de fevereiro. A margem de erro \u00e9 de um ponto porcentual e o \u00edndice de confiabilidade \u00e9 de 95%.<\/p>\n\n\n\n<p>Os segmentos do eleitorado que mais consideram a gest\u00e3o ruim ou p\u00e9ssima s\u00e3o os evang\u00e9licos (76,3%), os moradores da regi\u00e3o Sul (62,7%) e os moradores do Centro-Oeste (59,3%). J\u00e1 os que mais optaram pela op\u00e7\u00e3o \u00f3timo ou bom s\u00e3o os agn\u00f3sticos, ou ateus (57,3%), os maiores de 60 anos (53,3%) e os que possuem at\u00e9 o ensino fundamental (51,8%).<\/p>\n\n\n\n<p>Perguntados sobre o desempenho de Lula, 53% disseram que desaprovam o trabalho do petista (em janeiro era 51,4%) e 45,7% afirmaram que aprovam (em janeiro era 45,9%). Optaram por n\u00e3o responder 1,3% dos entrevistados.<\/p>\n\n\n\n<p>A AtlasIntel tamb\u00e9m perguntou aos entrevistados sobre o desempenho do governo em determinadas \u00e1reas. Os impostos e carga fiscal (58%), a seguran\u00e7a p\u00fablica (57%) e a responsabilidade fiscal foram as que receberam mais a op\u00e7\u00e3o \u201cp\u00e9ssima\u201d. As mais escolhidas como \u201c\u00f3tima\u201d foram as pol\u00edticas sociais (35%) e a cria\u00e7\u00e3o de empregos (34%).<\/p>\n\n\n\n<p>Para 49,4% dos entrevistados, o governo de Lula \u00e9 pior que a gest\u00e3o do ex-presidente Jair Bolsonaro (PL). Para outros 48,9%, o cen\u00e1rio \u00e9 o inverso. Na opini\u00e3o de 1,7%, os governos s\u00e3o iguais.<\/p>\n\n\n\n<p>*AE<\/p>\n","protected":false},"excerpt":{"rendered":"<p>A avalia\u00e7\u00e3o negativa do governo do presidente Luiz In\u00e1cio Lula da Silva (PT) cresceu entre janeiro e fevereiro deste ano, segundo aponta nova pesquisa do instituto AtlasIntel divulgada nesta sexta-feira (7). De acordo com o levantamento, 50,8% consideram a gest\u00e3o ruim ou p\u00e9ssima, sendo que antes o \u00edndice era de 46,5%, ou seja, um crescimento [&hellip;]<\/p>\n","protected":false},"author":2,"featured_media":21544,"comment_status":"open","ping_status":"open","sticky":false,"template":"","format":"standard","meta":[],"categories":[4],"tags":[],"_links":{"self":[{"href":"https:\/\/dgospel.com.br\/portal\/index.php\/wp-json\/wp\/v2\/posts\/21543"}],"collection":[{"href":"https:\/\/dgospel.com.br\/portal\/index.php\/wp-json\/wp\/v2\/posts"}],"about":[{"href":"https:\/\/dgospel.com.br\/portal\/index.php\/wp-json\/wp\/v2\/types\/post"}],"author":[{"embeddable":true,"href":"https:\/\/dgospel.com.br\/portal\/index.php\/wp-json\/wp\/v2\/users\/2"}],"replies":[{"embeddable":true,"href":"https:\/\/dgospel.com.br\/portal\/index.php\/wp-json\/wp\/v2\/comments?post=21543"}],"version-history":[{"count":1,"href":"https:\/\/dgospel.com.br\/portal\/index.php\/wp-json\/wp\/v2\/posts\/21543\/revisions"}],"predecessor-version":[{"id":21545,"href":"https:\/\/dgospel.com.br\/portal\/index.php\/wp-json\/wp\/v2\/posts\/21543\/revisions\/21545"}],"wp:featuredmedia":[{"embeddable":true,"href":"https:\/\/dgospel.com.br\/portal\/index.php\/wp-json\/wp\/v2\/media\/21544"}],"wp:attachment":[{"href":"https:\/\/dgospel.com.br\/portal\/index.php\/wp-json\/wp\/v2\/media?parent=21543"}],"wp:term":[{"taxonomy":"category","embeddable":true,"href":"https:\/\/dgospel.com.br\/portal\/index.php\/wp-json\/wp\/v2\/categories?post=21543"},{"taxonomy":"post_tag","embeddable":true,"href":"https:\/\/dgospel.com.br\/portal\/index.php\/wp-json\/wp\/v2\/tags?post=21543"}],"curies":[{"name":"wp","href":"https:\/\/api.w.org\/{rel}","templated":true}]}}