{"id":21546,"date":"2025-03-07T12:00:39","date_gmt":"2025-03-07T15:00:39","guid":{"rendered":"https:\/\/dgospel.com.br\/portal\/?p=21546"},"modified":"2025-03-07T12:00:41","modified_gmt":"2025-03-07T15:00:41","slug":"governo-do-tocantins-apresenta-atrativos-turisticos-do-estado-no-meeting-brasil-2025-na-espanha","status":"publish","type":"post","link":"https:\/\/dgospel.com.br\/portal\/index.php\/2025\/03\/07\/governo-do-tocantins-apresenta-atrativos-turisticos-do-estado-no-meeting-brasil-2025-na-espanha\/","title":{"rendered":"Governo do Tocantins apresenta atrativos tur\u00edsticos do estado no Meeting Brasil 2025, na Espanha"},"content":{"rendered":"\n<p>O Governo do Tocantins apresenta as potencialidades tur\u00edsticas do estado no&nbsp;<em>Meeting Brasil 2025<\/em>, que ocorre nesta quinta-feira, 6, em Madri, na Espanha. O evento \u00e9 um dos mais importantes da agenda de promo\u00e7\u00e3o internacional do turismo brasileiro, reunindo investidores, operadores e autoridades do setor para fortalecer a conex\u00e3o entre o Brasil e o mercado europeu.<\/p>\n\n\n\n<p>Presente no evento, o secret\u00e1rio de Estado do Turismo, Hercy Filho, destaca a import\u00e2ncia de iniciativas como essa para apresentar as potencialidades do Tocantins para investidores e operadores internacionais.\u201cA participa\u00e7\u00e3o do Tocantins no&nbsp;<em>Meeting Brasil&nbsp;<\/em>refor\u00e7a nosso compromisso, sob a lideran\u00e7a do governador Wanderlei Barbosa, de posicionar o estado como refer\u00eancia no turismo sustent\u00e1vel. Estamos apresentando nossos produtos e abrindo portas para parcerias estrat\u00e9gicas que impulsionem o setor e gerem oportunidades para nossa popula\u00e7\u00e3o\u201d, destacou o secret\u00e1rio.<\/p>\n\n\n\n<p>O Tocantins participa do evento por meio da iniciativa Rotas Amaz\u00f4nicas Integradas (RAI), que promove o turismo sustent\u00e1vel da regi\u00e3o Norte do Brasil.&nbsp; Com uma diversidade natural exuberante e um grande potencial para o ecoturismo e turismo de aventura, o Tocantins se posiciona como um destino estrat\u00e9gico para turistas estrangeiros em busca de experi\u00eancias aut\u00eanticas e sustent\u00e1veis.&nbsp;<\/p>\n\n\n\n<p>Durante o evento, o Governo do Tocantins exibe as belezas naturais do estado, com destaque para destinos como o Jalap\u00e3o, Serras Gerais, Ilha do Bananal e a regi\u00e3o do Cant\u00e3o, al\u00e9m de apresentar as a\u00e7\u00f5es estrat\u00e9gicas do governo para fortalecer o turismo no estado. A participa\u00e7\u00e3o no<em>&nbsp;Meeting Brasil 2025<\/em>&nbsp;tamb\u00e9m busca atrair investimentos e fomentar a vinda de turistas europeus, consolidando o Tocantins no cen\u00e1rio internacional.<\/p>\n\n\n\n<p><strong>Rotas Amaz\u00f4nicas Integradas<\/strong><\/p>\n\n\n\n<p>A Rotas Amaz\u00f4nicas Integradas (RAI) \u00e9 uma iniciativa que re\u00fane estados da regi\u00e3o Norte do Brasil para promover o turismo sustent\u00e1vel e integrado, destacando a biodiversidade, cultura e experi\u00eancias aut\u00eanticas da Amaz\u00f4nia Legal. Com a participa\u00e7\u00e3o no&nbsp;<em>Meeting Brasil 2025,<\/em>&nbsp;a RAI fortalece a presen\u00e7a do turismo amaz\u00f4nico no mercado europeu.<\/p>\n\n\n\n<p><strong>Meeting Brasil&nbsp;<\/strong><\/p>\n\n\n\n<p>O&nbsp;<em>Meeting Brasil 2025<\/em>, edi\u00e7\u00e3o Europa, \u00e9 uma iniciativa da Embratur e de entidades do setor tur\u00edstico, e re\u00fane anualmente representantes de destinos brasileiros, empresas e investidores internacionais para networking e oportunidades de neg\u00f3cios. Com essa participa\u00e7\u00e3o, o Tocantins refor\u00e7a seu compromisso em promover o estado globalmente, ampliando a visibilidade e a competitividade do destino no mercado internacional.<\/p>\n\n\n\n<p>Al\u00e9m de Madrid, o\u00a0<em>Meeting Brasil<\/em>\u00a0tamb\u00e9m acontecer\u00e1 na cidade do Porto, em Portugal, no dia 10 de mar\u00e7o, ampliando ainda mais as oportunidades de promo\u00e7\u00e3o do turismo tocantinense no mercado europeu.<\/p>\n\n\n\n<p><img src=\"https:\/\/central.to.gov.br\/image\/415385?w=670&amp;h=414\"><\/p>\n\n\n\n<p>Secret\u00e1rio de Estado do Turismo, Hercy Filho, destaca a import\u00e2ncia de iniciativas como essa para apresentar as potencialidades do Tocantins para investidores e operadores internacionais &#8211; Divulga\u00e7\u00e3o\/Setur&nbsp;<a href=\"https:\/\/central.to.gov.br\/image\/415385?f=1\" target=\"_blank\" rel=\"noreferrer noopener\"><em>file_download<\/em><\/a><\/p>\n\n\n\n<p><img src=\"https:\/\/central.to.gov.br\/image\/415387?w=670&amp;h=414\"><\/p>\n\n\n\n<p>Governo do Tocantins exibe as belezas naturais do estado, com destaque para destinos como o Jalap\u00e3o, Serras Gerais, Ilha do Bananal e a regi\u00e3o do Cant\u00e3o &#8211; Divulga\u00e7\u00e3o\/Setur&nbsp;<a href=\"https:\/\/central.to.gov.br\/image\/415387?f=1\" target=\"_blank\" rel=\"noreferrer noopener\"><em>file_download<\/em><\/a><\/p>\n\n\n\n<p><img src=\"https:\/\/central.to.gov.br\/image\/415388?w=670&amp;h=414\"><\/p>\n\n\n\n<p>Tocantins participa do evento por meio da iniciativa Rotas Amaz\u00f4nicas Integradas (RAI), que promove o turismo sustent\u00e1vel da regi\u00e3o Norte do Brasil &#8211; Divulga\u00e7\u00e3o\/Setur&nbsp;<a href=\"https:\/\/central.to.gov.br\/image\/415388?f=1\" target=\"_blank\" rel=\"noreferrer noopener\"><em>file_download<\/em><\/a><\/p>\n","protected":false},"excerpt":{"rendered":"<p>O Governo do Tocantins apresenta as potencialidades tur\u00edsticas do estado no&nbsp;Meeting Brasil 2025, que ocorre nesta quinta-feira, 6, em Madri, na Espanha. O evento \u00e9 um dos mais importantes da agenda de promo\u00e7\u00e3o internacional do turismo brasileiro, reunindo investidores, operadores e autoridades do setor para fortalecer a conex\u00e3o entre o Brasil e o mercado europeu. [&hellip;]<\/p>\n","protected":false},"author":2,"featured_media":21547,"comment_status":"open","ping_status":"open","sticky":false,"template":"","format":"standard","meta":[],"categories":[3],"tags":[13],"_links":{"self":[{"href":"https:\/\/dgospel.com.br\/portal\/index.php\/wp-json\/wp\/v2\/posts\/21546"}],"collection":[{"href":"https:\/\/dgospel.com.br\/portal\/index.php\/wp-json\/wp\/v2\/posts"}],"about":[{"href":"https:\/\/dgospel.com.br\/portal\/index.php\/wp-json\/wp\/v2\/types\/post"}],"author":[{"embeddable":true,"href":"https:\/\/dgospel.com.br\/portal\/index.php\/wp-json\/wp\/v2\/users\/2"}],"replies":[{"embeddable":true,"href":"https:\/\/dgospel.com.br\/portal\/index.php\/wp-json\/wp\/v2\/comments?post=21546"}],"version-history":[{"count":1,"href":"https:\/\/dgospel.com.br\/portal\/index.php\/wp-json\/wp\/v2\/posts\/21546\/revisions"}],"predecessor-version":[{"id":21548,"href":"https:\/\/dgospel.com.br\/portal\/index.php\/wp-json\/wp\/v2\/posts\/21546\/revisions\/21548"}],"wp:featuredmedia":[{"embeddable":true,"href":"https:\/\/dgospel.com.br\/portal\/index.php\/wp-json\/wp\/v2\/media\/21547"}],"wp:attachment":[{"href":"https:\/\/dgospel.com.br\/portal\/index.php\/wp-json\/wp\/v2\/media?parent=21546"}],"wp:term":[{"taxonomy":"category","embeddable":true,"href":"https:\/\/dgospel.com.br\/portal\/index.php\/wp-json\/wp\/v2\/categories?post=21546"},{"taxonomy":"post_tag","embeddable":true,"href":"https:\/\/dgospel.com.br\/portal\/index.php\/wp-json\/wp\/v2\/tags?post=21546"}],"curies":[{"name":"wp","href":"https:\/\/api.w.org\/{rel}","templated":true}]}}