{"id":21555,"date":"2025-03-10T11:03:14","date_gmt":"2025-03-10T14:03:14","guid":{"rendered":"https:\/\/dgospel.com.br\/portal\/?p=21555"},"modified":"2025-03-10T11:03:15","modified_gmt":"2025-03-10T14:03:15","slug":"balanca-comercial-tem-pior-fevereiro-desde-2015-e-registra-deficit-de-us-323-milhoes","status":"publish","type":"post","link":"https:\/\/dgospel.com.br\/portal\/index.php\/2025\/03\/10\/balanca-comercial-tem-pior-fevereiro-desde-2015-e-registra-deficit-de-us-323-milhoes\/","title":{"rendered":"Balan\u00e7a comercial tem pior fevereiro desde 2015 e registra d\u00e9ficit de US$ 323 milh\u00f5es"},"content":{"rendered":"\n<p>A balan\u00e7a comercial brasileira registrou um d\u00e9ficit de US$ 323 milh\u00f5es em fevereiro, marcando o primeiro saldo negativo para um m\u00eas completo desde 2022 e o pior desempenho para fevereiro desde 2015, quando o d\u00e9ficit foi de US$ 3,05 bilh\u00f5es. Os n\u00fameros foram divulgados nesta sexta-feira (7) pela Secretaria de Com\u00e9rcio Exterior (SECEX) do Minist\u00e9rio do Desenvolvimento, Ind\u00fastria, Com\u00e9rcio e Servi\u00e7os (MDIC).<\/p>\n\n\n\n<p>O resultado frustrou as expectativas do mercado, que projetava um super\u00e1vit de US$ 1,9 bilh\u00e3o. A piora na balan\u00e7a comercial foi impulsionada pela queda de 6,7% nas exporta\u00e7\u00f5es, que somaram US$ 22,92 bilh\u00f5es, e pelo aumento de 21,3% nas importa\u00e7\u00f5es, que chegaram a US$ 23,52 bilh\u00f5es.<\/p>\n\n\n\n<p>No acumulado de 2024, o Brasil ainda mant\u00e9m um super\u00e1vit comercial de US$ 1,934 bilh\u00e3o, mas esse valor representa uma queda de 82,9% em rela\u00e7\u00e3o ao mesmo per\u00edodo do ano passado.<\/p>\n\n\n\n<p>Um dos principais fatores para o resultado negativo foi a forte redu\u00e7\u00e3o das exporta\u00e7\u00f5es para a \u00c1sia, principal destino dos produtos brasileiros. As vendas para China, Hong Kong e Macau despencaram 21,12% na compara\u00e7\u00e3o com fevereiro de 2023, enquanto as exporta\u00e7\u00f5es totais para o continente ca\u00edram 14,11%.<\/p>\n\n\n\n<p>Por outro lado, as exporta\u00e7\u00f5es para outros mercados cresceram:<\/p>\n\n\n\n<ul><li>Am\u00e9rica do Norte: +20%<\/li><li>Am\u00e9rica do Sul: +19,03%<\/li><li>Europa: +7,93%<\/li><\/ul>\n\n\n\n<p>Enquanto o Brasil vendeu menos para a \u00c1sia, as importa\u00e7\u00f5es vindas da regi\u00e3o dispararam, com um aumento de 58% no total e de 76,8% especificamente da China, Hong Kong e Macau.<\/p>\n\n\n\n<p>De acordo com Herlon Brand\u00e3o, diretor de Estat\u00edsticas e Estudos de Com\u00e9rcio Exterior do MDIC, a compra de uma plataforma de extra\u00e7\u00e3o de petr\u00f3leo, no valor de US$ 2,7 bilh\u00f5es, foi um dos principais fatores que levaram ao d\u00e9ficit comercial de fevereiro.<\/p>\n\n\n\n<p>Se essa opera\u00e7\u00e3o n\u00e3o tivesse ocorrido, a balan\u00e7a comercial teria registrado um super\u00e1vit de US$ 2,4 bilh\u00f5es no m\u00eas.<\/p>\n","protected":false},"excerpt":{"rendered":"<p>A balan\u00e7a comercial brasileira registrou um d\u00e9ficit de US$ 323 milh\u00f5es em fevereiro, marcando o primeiro saldo negativo para um m\u00eas completo desde 2022 e o pior desempenho para fevereiro desde 2015, quando o d\u00e9ficit foi de US$ 3,05 bilh\u00f5es. Os n\u00fameros foram divulgados nesta sexta-feira (7) pela Secretaria de Com\u00e9rcio Exterior (SECEX) do Minist\u00e9rio [&hellip;]<\/p>\n","protected":false},"author":2,"featured_media":21556,"comment_status":"open","ping_status":"open","sticky":false,"template":"","format":"standard","meta":[],"categories":[10],"tags":[13],"_links":{"self":[{"href":"https:\/\/dgospel.com.br\/portal\/index.php\/wp-json\/wp\/v2\/posts\/21555"}],"collection":[{"href":"https:\/\/dgospel.com.br\/portal\/index.php\/wp-json\/wp\/v2\/posts"}],"about":[{"href":"https:\/\/dgospel.com.br\/portal\/index.php\/wp-json\/wp\/v2\/types\/post"}],"author":[{"embeddable":true,"href":"https:\/\/dgospel.com.br\/portal\/index.php\/wp-json\/wp\/v2\/users\/2"}],"replies":[{"embeddable":true,"href":"https:\/\/dgospel.com.br\/portal\/index.php\/wp-json\/wp\/v2\/comments?post=21555"}],"version-history":[{"count":1,"href":"https:\/\/dgospel.com.br\/portal\/index.php\/wp-json\/wp\/v2\/posts\/21555\/revisions"}],"predecessor-version":[{"id":21557,"href":"https:\/\/dgospel.com.br\/portal\/index.php\/wp-json\/wp\/v2\/posts\/21555\/revisions\/21557"}],"wp:featuredmedia":[{"embeddable":true,"href":"https:\/\/dgospel.com.br\/portal\/index.php\/wp-json\/wp\/v2\/media\/21556"}],"wp:attachment":[{"href":"https:\/\/dgospel.com.br\/portal\/index.php\/wp-json\/wp\/v2\/media?parent=21555"}],"wp:term":[{"taxonomy":"category","embeddable":true,"href":"https:\/\/dgospel.com.br\/portal\/index.php\/wp-json\/wp\/v2\/categories?post=21555"},{"taxonomy":"post_tag","embeddable":true,"href":"https:\/\/dgospel.com.br\/portal\/index.php\/wp-json\/wp\/v2\/tags?post=21555"}],"curies":[{"name":"wp","href":"https:\/\/api.w.org\/{rel}","templated":true}]}}