{"id":2156,"date":"2018-12-25T18:12:17","date_gmt":"2018-12-25T20:12:17","guid":{"rendered":"http:\/\/dgospel.com.br\/portal\/?p=2156"},"modified":"2018-12-25T18:12:17","modified_gmt":"2018-12-25T20:12:17","slug":"bolsonaro-convida-malafaia-valandro-jr-macedo-e-valdemiro-para-sua-posse","status":"publish","type":"post","link":"https:\/\/dgospel.com.br\/portal\/index.php\/2018\/12\/25\/bolsonaro-convida-malafaia-valandro-jr-macedo-e-valdemiro-para-sua-posse\/","title":{"rendered":"Bolsonaro convida Malafaia, Valandro Jr, Macedo e Valdemiro para sua posse"},"content":{"rendered":"<p>Silas Malafaia, Edir Macedo e Valdemiro Santiago integram a lista de convidados pessoais do presidente eleito Jair Bolsonaro (PSL) para a cerim\u00f4nia de posse, no pr\u00f3ximo dia 01 de janeiro. Ao todo, mais de 140 convidados foram selecionados.<\/p>\n<p>A posse de Jair Bolsonaro acontecer\u00e1 sob forte esquema de seguran\u00e7a, e dever\u00e1 ficar marcada como uma das mais populares do per\u00edodo que marca as elei\u00e7\u00f5es presidenciais com voto direto, com previs\u00e3o de presen\u00e7a de 500 mil pessoas na Esplanada dos Minist\u00e9rios.<\/p>\n<p><ins class=\"adsbygoogle\" data-ad-format=\"fluid\" data-ad-layout=\"in-article\" data-ad-client=\"ca-pub-6377106409730369\" data-ad-slot=\"8072386133\" data-adsbygoogle-status=\"done\"><ins id=\"aswift_2_expand\"><ins id=\"aswift_2_anchor\"><\/ins><\/ins><\/ins>A fam\u00edlia do presidente eleito comparecer\u00e1 em peso \u00e0 posse: sua m\u00e3e, Olinda, com 89 anos de idade, e o \u00fanico irm\u00e3o de Jair Bolsonaro, Renato, estar\u00e3o nas primeiras fileiras, assim como filhos, noras, cunhados, netos e sobrinhos tamb\u00e9m devem preencher as cadeiras reservadas aos convidados do mandat\u00e1rio.<\/p>\n<p>Al\u00e9m do pastor Silas Malafaia, do bispo Edir Macedo e do auto-intitulado ap\u00f3stolo Valdemiro Santiago, Bolsonaro fez quest\u00e3o de chamar o pastor Josu\u00e9 Valandro Jr., que dirige a Igreja Batista Atitude, no Rio de Janeiro, onde a futura primeira-dama, Michelle Bolsonaro, \u00e9 membro. Recentemente, Valandro esteve presente na cerim\u00f4nia de diploma\u00e7\u00e3o do presidente eleito e fez uma ora\u00e7\u00e3o pelas autoridades presentes.<\/p>\n<p>De acordo com informa\u00e7\u00f5es da r\u00e1dio\u00a0<a href=\"https:\/\/jovempan.uol.com.br\/noticias\/brasil\/lista-de-convidados-de-bolsonaro-para-a-posse-presidencial-vai-de-amigos-de-pescaria-a-pastores.html\" target=\"_blank\" rel=\"noopener\"><em>Jovem Pan<\/em><\/a>, ao todo ser\u00e3o dois mil convidados para a cerim\u00f4nia no Congresso Nacional, onde Bolsonaro ser\u00e1 empossado. Os convites t\u00eam sido entregues via Sedex, mas em alguns casos, a entrega \u00e9 feita em m\u00e3os.<\/p>\n<div id=\"adsense2\"><\/div>\n<p>Uma recep\u00e7\u00e3o ap\u00f3s a tradicional subida da rampa do Pal\u00e1cio do Planalto ser\u00e1 feita no Minist\u00e9rio das Rela\u00e7\u00f5es Exteriores, com a presen\u00e7a de outros mil convidados, que incluem autoridades de primeiro escal\u00e3o do governo atual e do futuro, militares de alta patente, chefes de Estado, diplomatas, deputados estaduais e federais, senadores e governadores eleitos ou reeleitos dos estados.<\/p>\n<h2><strong>Mensagem de Natal<\/strong><\/h2>\n<p>O presidente eleito usou o Twitter nesta segunda-feira, 24 de dezembro, para enviar uma mensagem de paz aos cidad\u00e3os brasileiros:<\/p>\n<p>\u201c\u00c9 chegado mais um Natal, momento especial onde relembramos com nossas sagradas fam\u00edlias o nascimento de Cristo. \u00c9 com este sentimento, inspirado na fam\u00edlia simples que recebeu em um humilde pres\u00e9pio a encarna\u00e7\u00e3o do pr\u00f3prio Deus, que contemplamos a chegada de um novo Brasil. Com humildade, aceitando quem tem no cora\u00e7\u00e3o a vontade de construir um Brasil melhor, buscaremos nos pr\u00f3ximos anos restaurar o sentimento familiar h\u00e1 muito desgastado em nossa sociedade, bem como a paz dentro de nossos lares. Tenhamos todos um Feliz Natal! Fiquem com Deus!\u201d, declarou Bolsonaro.<\/p>\n<p>Fonte:\u00a0gospelmais<\/p>\n","protected":false},"excerpt":{"rendered":"<p>Silas Malafaia, Edir Macedo e Valdemiro Santiago integram a lista de convidados pessoais do presidente eleito Jair Bolsonaro (PSL) para a cerim\u00f4nia de posse, no pr\u00f3ximo dia 01 de janeiro. Ao todo, mais de 140 convidados foram selecionados. A posse de Jair Bolsonaro acontecer\u00e1 sob forte esquema de seguran\u00e7a, e dever\u00e1 ficar marcada como uma [&hellip;]<\/p>\n","protected":false},"author":2,"featured_media":2157,"comment_status":"open","ping_status":"open","sticky":false,"template":"","format":"standard","meta":[],"categories":[2,5,6],"tags":[],"_links":{"self":[{"href":"https:\/\/dgospel.com.br\/portal\/index.php\/wp-json\/wp\/v2\/posts\/2156"}],"collection":[{"href":"https:\/\/dgospel.com.br\/portal\/index.php\/wp-json\/wp\/v2\/posts"}],"about":[{"href":"https:\/\/dgospel.com.br\/portal\/index.php\/wp-json\/wp\/v2\/types\/post"}],"author":[{"embeddable":true,"href":"https:\/\/dgospel.com.br\/portal\/index.php\/wp-json\/wp\/v2\/users\/2"}],"replies":[{"embeddable":true,"href":"https:\/\/dgospel.com.br\/portal\/index.php\/wp-json\/wp\/v2\/comments?post=2156"}],"version-history":[{"count":1,"href":"https:\/\/dgospel.com.br\/portal\/index.php\/wp-json\/wp\/v2\/posts\/2156\/revisions"}],"predecessor-version":[{"id":2158,"href":"https:\/\/dgospel.com.br\/portal\/index.php\/wp-json\/wp\/v2\/posts\/2156\/revisions\/2158"}],"wp:featuredmedia":[{"embeddable":true,"href":"https:\/\/dgospel.com.br\/portal\/index.php\/wp-json\/wp\/v2\/media\/2157"}],"wp:attachment":[{"href":"https:\/\/dgospel.com.br\/portal\/index.php\/wp-json\/wp\/v2\/media?parent=2156"}],"wp:term":[{"taxonomy":"category","embeddable":true,"href":"https:\/\/dgospel.com.br\/portal\/index.php\/wp-json\/wp\/v2\/categories?post=2156"},{"taxonomy":"post_tag","embeddable":true,"href":"https:\/\/dgospel.com.br\/portal\/index.php\/wp-json\/wp\/v2\/tags?post=2156"}],"curies":[{"name":"wp","href":"https:\/\/api.w.org\/{rel}","templated":true}]}}