{"id":21565,"date":"2025-03-11T12:42:12","date_gmt":"2025-03-11T15:42:12","guid":{"rendered":"https:\/\/dgospel.com.br\/portal\/?p=21565"},"modified":"2025-03-11T12:42:12","modified_gmt":"2025-03-11T15:42:12","slug":"deputado-gipao-destaca-experiencia-e-assume-posto-na-comissao-de-educacao","status":"publish","type":"post","link":"https:\/\/dgospel.com.br\/portal\/index.php\/2025\/03\/11\/deputado-gipao-destaca-experiencia-e-assume-posto-na-comissao-de-educacao\/","title":{"rendered":"Deputado Gip\u00e3o destaca experi\u00eancia e assume posto na Comiss\u00e3o de Educa\u00e7\u00e3o"},"content":{"rendered":"\n<p>O deputado estadual Gip\u00e3o (PL), mais uma vez, foi indicado para assumir uma cadeira na Comiss\u00e3o de Educa\u00e7\u00e3o, Cultura e Desporto da Assembleia Legislativa do Tocantins e assegura que est\u00e1 pronto para analisar, debater e votar as propostas legislativas relacionadas a educa\u00e7\u00e3o e tamb\u00e9m buscar solu\u00e7\u00f5es para os problemas enfrentados pela comunidade escolar.<\/p>\n\n\n\n<p>\u201cAcredito que assim como eu, esse colegiado tem uma miss\u00e3o muito importante pela frente e n\u00e3o ir\u00e1 se furtar dela. Tenho convic\u00e7\u00e3o de que esse trabalho plural de n\u00f3s deputados, juntamente com a colabora\u00e7\u00e3o da comunidade escolar e sociedade civil, far\u00e1 \u00e0 diferen\u00e7a no sentido de ajudar o governo a melhor efetuar as reformas e melhorias na educa\u00e7\u00e3o do estado, apontando os caminhos. Me senti honrado com a indica\u00e7\u00e3o dos nobres colegas para compor esta comiss\u00e3o, entendendo que a educa\u00e7\u00e3o \u00e9 prioridade na gest\u00e3o p\u00fablica, por isso vou trabalhar com zelo, levando em considera\u00e7\u00e3o todo cuidado e respeito que a educa\u00e7\u00e3o do Tocantins exige\u201d, enfatizou o parlamentar.<\/p>\n\n\n\n<p>Perfil<br>Gip\u00e3o tem vasta experi\u00eancia na pol\u00edtica, especificamente no legislativo, somando 20 anos de mandato como vereador da segunda maior cidade do estado, Aragua\u00edna, sendo por duas vezes presidente da C\u00e2mara Municipal. \u00c9 formado em administra\u00e7\u00e3o e cumpre seu primeiro mandato na Assembleia Legislativa. Foi membro titular da Comiss\u00e3o de Constitui\u00e7\u00e3o e Justi\u00e7a e atualmente tamb\u00e9m assumiu uma cadeira na Comiss\u00e3o de Finan\u00e7as, Or\u00e7amento e Planejamento, a segunda mais importante da Casa.<\/p>\n\n\n\n<p>Gip\u00e3o professa a f\u00e9 crist\u00e3, tem posicionamento pol\u00edtico conservador e defende a fam\u00edlia, a vida e os bons costumes.<\/p>\n\n\n\n<p>O que faz a comiss\u00e3o<br>A Comiss\u00e3o de Educa\u00e7\u00e3o tem como atribui\u00e7\u00e3o a pauta de assuntos relativos \u00e0 educa\u00e7\u00e3o em geral; pol\u00edtica e sistema educacional, em seus aspectos institucionais, estruturais, funcionais e legais; direito \u00e0 educa\u00e7\u00e3o; e recursos humanos e financeiros para o setor. Pautas e um plano de a\u00e7\u00e3o a ser executado durante os pr\u00f3ximos dois anos.<\/p>\n","protected":false},"excerpt":{"rendered":"<p>O deputado estadual Gip\u00e3o (PL), mais uma vez, foi indicado para assumir uma cadeira na Comiss\u00e3o de Educa\u00e7\u00e3o, Cultura e Desporto da Assembleia Legislativa do Tocantins e assegura que est\u00e1 pronto para analisar, debater e votar as propostas legislativas relacionadas a educa\u00e7\u00e3o e tamb\u00e9m buscar solu\u00e7\u00f5es para os problemas enfrentados pela comunidade escolar. \u201cAcredito que [&hellip;]<\/p>\n","protected":false},"author":2,"featured_media":21566,"comment_status":"open","ping_status":"open","sticky":false,"template":"","format":"standard","meta":[],"categories":[8],"tags":[],"_links":{"self":[{"href":"https:\/\/dgospel.com.br\/portal\/index.php\/wp-json\/wp\/v2\/posts\/21565"}],"collection":[{"href":"https:\/\/dgospel.com.br\/portal\/index.php\/wp-json\/wp\/v2\/posts"}],"about":[{"href":"https:\/\/dgospel.com.br\/portal\/index.php\/wp-json\/wp\/v2\/types\/post"}],"author":[{"embeddable":true,"href":"https:\/\/dgospel.com.br\/portal\/index.php\/wp-json\/wp\/v2\/users\/2"}],"replies":[{"embeddable":true,"href":"https:\/\/dgospel.com.br\/portal\/index.php\/wp-json\/wp\/v2\/comments?post=21565"}],"version-history":[{"count":1,"href":"https:\/\/dgospel.com.br\/portal\/index.php\/wp-json\/wp\/v2\/posts\/21565\/revisions"}],"predecessor-version":[{"id":21567,"href":"https:\/\/dgospel.com.br\/portal\/index.php\/wp-json\/wp\/v2\/posts\/21565\/revisions\/21567"}],"wp:featuredmedia":[{"embeddable":true,"href":"https:\/\/dgospel.com.br\/portal\/index.php\/wp-json\/wp\/v2\/media\/21566"}],"wp:attachment":[{"href":"https:\/\/dgospel.com.br\/portal\/index.php\/wp-json\/wp\/v2\/media?parent=21565"}],"wp:term":[{"taxonomy":"category","embeddable":true,"href":"https:\/\/dgospel.com.br\/portal\/index.php\/wp-json\/wp\/v2\/categories?post=21565"},{"taxonomy":"post_tag","embeddable":true,"href":"https:\/\/dgospel.com.br\/portal\/index.php\/wp-json\/wp\/v2\/tags?post=21565"}],"curies":[{"name":"wp","href":"https:\/\/api.w.org\/{rel}","templated":true}]}}