{"id":21571,"date":"2025-03-12T16:30:00","date_gmt":"2025-03-12T19:30:00","guid":{"rendered":"https:\/\/dgospel.com.br\/portal\/?p=21571"},"modified":"2025-03-12T16:30:02","modified_gmt":"2025-03-12T19:30:02","slug":"inflacao-em-fevereiro-atinge-o-maior-patamar-em-22-anos","status":"publish","type":"post","link":"https:\/\/dgospel.com.br\/portal\/index.php\/2025\/03\/12\/inflacao-em-fevereiro-atinge-o-maior-patamar-em-22-anos\/","title":{"rendered":"Infla\u00e7\u00e3o em fevereiro atinge o maior patamar em 22 anos"},"content":{"rendered":"\n<p>A&nbsp;<a href=\"https:\/\/pleno.news\/tag\/inflacao\" target=\"_blank\" rel=\"noreferrer noopener\">infla\u00e7\u00e3o<\/a>&nbsp;medida pelo \u00cdndice Nacional de Pre\u00e7os ao Consumidor Amplo (IPCA) fechou o m\u00eas de fevereiro com alta de 1,31%, informou nesta quarta-feira (12) o Instituto Brasileiro de Geografia e Estat\u00edstica (IBGE). Esse \u00e9 o maior patamar do IPCA para o segundo m\u00eas do ano desde 2003, ou seja, h\u00e1 22 anos. O \u00edndice tamb\u00e9m \u00e9 o maior para qualquer m\u00eas desde mar\u00e7o de 2022.<\/p>\n\n\n\n<p>A taxa acumulada pela infla\u00e7\u00e3o no ano \u00e9 de 1,47%, de acordo com o IBGE. O\u00a0IPCA\u00a0acumulado em 12 meses ficou em 5,06%, maior n\u00edvel desde setembro de 2023, quando o acumulado foi de 5,19%. O n\u00famero, por sinal, est\u00e1 acima do teto da meta do\u00a0<a rel=\"noreferrer noopener\" href=\"https:\/\/pleno.news\/tag\/banco-central\" target=\"_blank\">Banco Central<\/a>\u00a0(BC), que \u00e9 de 4,5% para a infla\u00e7\u00e3o anual.<\/p>\n\n\n\n<p><strong>EDUCA\u00c7\u00c3O<br><\/strong>No quesito educa\u00e7\u00e3o, a infla\u00e7\u00e3o saiu de um avan\u00e7o de 0,26% em janeiro para alta de 4,70% em fevereiro. O grupo contribuiu com 0,28 ponto percentual para a taxa de 1,31% do IPCA do \u00faltimo m\u00eas. A maior contribui\u00e7\u00e3o veio do aumento de 5,69% nas mensalidades dos cursos regulares, por conta dos reajustes habitualmente praticados no in\u00edcio do ano letivo.<\/p>\n\n\n\n<p>As varia\u00e7\u00f5es mais agudas ocorreram no ensino fundamental (7,51%), ensino m\u00e9dio (7,27%) e pr\u00e9-escola (7,02%).<strong><\/strong><\/p>\n\n\n\n<p><strong>TRANSPORTES<br><\/strong>J\u00e1 os gastos das fam\u00edlias com transportes passaram de uma alta de 1,30% em janeiro para uma eleva\u00e7\u00e3o de 0,61% em fevereiro. O grupo deu uma contribui\u00e7\u00e3o de 0,13 ponto percentual para a taxa do IPCA registrada em fevereiro. Ao todo, houve um aumento de 2,89% nos combust\u00edveis, com o encarecimento do \u00f3leo diesel (4,35%), do etanol (3,62%) e da gasolina (2,78%). O g\u00e1s veicular, por sua vez, caiu 0,52%.<\/p>\n\n\n\n<p>J\u00e1 o \u00f4nibus urbano subiu 3% em fevereiro, como reflexo de reajustes nas tarifas de capitais como S\u00e3o Paulo (13,64%), Campo Grande (4,21%), Rio de Janeiro (9,30%), Vit\u00f3ria (4,38%), Salvador (7,69%), Recife (4,87%) e Belo Horizonte (9,52%). O trem subiu 3,35%, sob influ\u00eancia do reajuste de 7,04% no Rio. Em S\u00e3o Paulo, foram registradas altas de 0,97% no trem e no metr\u00f4, em raz\u00e3o do reajuste de 4%.<\/p>\n\n\n\n<p>O t\u00e1xi foi outro item do grupo transporte a ficar mais caro, com alta de 0,30% impulsionada por reajustes de 7,83% no Rio, e de 4,79% em Salvador. As passagens a\u00e9reas, por outro lado, recuaram 20,46% em fevereiro, subitem de maior al\u00edvio no IPCA, com -0,16 ponto percentual.<\/p>\n\n\n\n<p><strong>SERVI\u00c7OS<br><\/strong>J\u00e1 a infla\u00e7\u00e3o de servi\u00e7os \u2013 usada como term\u00f4metro de press\u00f5es de demanda sobre os pre\u00e7os \u2013 passou de um aumento de 0,78% em janeiro para uma alta de 0,82% em fevereiro. Os pre\u00e7os de itens monitorados pelo governo sa\u00edram de uma queda de 1,52% em janeiro para uma eleva\u00e7\u00e3o de 3,16% em fevereiro.<\/p>\n\n\n\n<p>No acumulado em 12 meses, a infla\u00e7\u00e3o de servi\u00e7os passou de 5,57% em janeiro para 5,32% em fevereiro. A infla\u00e7\u00e3o de monitorados em 12 meses saiu de 2,87% em dezembro para 5,19% em fevereiro.<\/p>\n\n\n\n<p>*AE<\/p>\n","protected":false},"excerpt":{"rendered":"<p>A&nbsp;infla\u00e7\u00e3o&nbsp;medida pelo \u00cdndice Nacional de Pre\u00e7os ao Consumidor Amplo (IPCA) fechou o m\u00eas de fevereiro com alta de 1,31%, informou nesta quarta-feira (12) o Instituto Brasileiro de Geografia e Estat\u00edstica (IBGE). Esse \u00e9 o maior patamar do IPCA para o segundo m\u00eas do ano desde 2003, ou seja, h\u00e1 22 anos. O \u00edndice tamb\u00e9m \u00e9 [&hellip;]<\/p>\n","protected":false},"author":2,"featured_media":21572,"comment_status":"open","ping_status":"open","sticky":false,"template":"","format":"standard","meta":[],"categories":[10],"tags":[],"_links":{"self":[{"href":"https:\/\/dgospel.com.br\/portal\/index.php\/wp-json\/wp\/v2\/posts\/21571"}],"collection":[{"href":"https:\/\/dgospel.com.br\/portal\/index.php\/wp-json\/wp\/v2\/posts"}],"about":[{"href":"https:\/\/dgospel.com.br\/portal\/index.php\/wp-json\/wp\/v2\/types\/post"}],"author":[{"embeddable":true,"href":"https:\/\/dgospel.com.br\/portal\/index.php\/wp-json\/wp\/v2\/users\/2"}],"replies":[{"embeddable":true,"href":"https:\/\/dgospel.com.br\/portal\/index.php\/wp-json\/wp\/v2\/comments?post=21571"}],"version-history":[{"count":1,"href":"https:\/\/dgospel.com.br\/portal\/index.php\/wp-json\/wp\/v2\/posts\/21571\/revisions"}],"predecessor-version":[{"id":21573,"href":"https:\/\/dgospel.com.br\/portal\/index.php\/wp-json\/wp\/v2\/posts\/21571\/revisions\/21573"}],"wp:featuredmedia":[{"embeddable":true,"href":"https:\/\/dgospel.com.br\/portal\/index.php\/wp-json\/wp\/v2\/media\/21572"}],"wp:attachment":[{"href":"https:\/\/dgospel.com.br\/portal\/index.php\/wp-json\/wp\/v2\/media?parent=21571"}],"wp:term":[{"taxonomy":"category","embeddable":true,"href":"https:\/\/dgospel.com.br\/portal\/index.php\/wp-json\/wp\/v2\/categories?post=21571"},{"taxonomy":"post_tag","embeddable":true,"href":"https:\/\/dgospel.com.br\/portal\/index.php\/wp-json\/wp\/v2\/tags?post=21571"}],"curies":[{"name":"wp","href":"https:\/\/api.w.org\/{rel}","templated":true}]}}