{"id":21580,"date":"2025-03-13T10:21:03","date_gmt":"2025-03-13T13:21:03","guid":{"rendered":"https:\/\/dgospel.com.br\/portal\/?p=21580"},"modified":"2025-03-13T10:21:04","modified_gmt":"2025-03-13T13:21:04","slug":"governo-lula-propoe-cortes-no-bolsa-familia-para-financiar-mst-e-altera-projetos-do-centrao-no-orcamento-de-2025","status":"publish","type":"post","link":"https:\/\/dgospel.com.br\/portal\/index.php\/2025\/03\/13\/governo-lula-propoe-cortes-no-bolsa-familia-para-financiar-mst-e-altera-projetos-do-centrao-no-orcamento-de-2025\/","title":{"rendered":"Governo Lula prop\u00f5e cortes no Bolsa Fam\u00edlia para financiar MST e altera projetos do centr\u00e3o no Or\u00e7amento de 2025"},"content":{"rendered":"\n<p>O governo do presidente Luiz In\u00e1cio Lula da Silva encaminhou ao Congresso Nacional um pedido de altera\u00e7\u00e3o no projeto do Or\u00e7amento de 2025 para incluir gastos com aliados pol\u00edticos, como o Movimento dos Trabalhadores Rurais Sem Terra (MST), e projetos ligados ao centr\u00e3o. A proposta prev\u00ea um remanejamento de\u00a0<strong>R$ 40 bilh\u00f5es<\/strong>, com cortes em programas sociais como o Bolsa Fam\u00edlia e o Minha Casa Minha Vida. A informa\u00e7\u00e3o \u00e9 do jornal\u00a0<a rel=\"noreferrer noopener\" href=\"https:\/\/www.estadao.com.br\/economia\/orcamento-2025-lula-gastos-pac-mst-centrao\/\" target=\"_blank\">Estad\u00e3o<\/a>.<\/p>\n\n\n\n<p>O MST dever\u00e1 receber&nbsp;<strong>R$ 750 milh\u00f5es<\/strong>, sendo&nbsp;<strong>R$ 400 milh\u00f5es<\/strong>&nbsp;para aquisi\u00e7\u00e3o de alimentos da agricultura familiar e&nbsp;<strong>R$ 350 milh\u00f5es<\/strong>&nbsp;para o Fundo de Terras e da Reforma Agr\u00e1ria. A destina\u00e7\u00e3o dos recursos ocorre poucos dias ap\u00f3s Lula visitar um acampamento do movimento em Minas Gerais, onde recebeu cr\u00edticas de integrantes do MST.<\/p>\n\n\n\n<p>Al\u00e9m do MST, o governo direcionou&nbsp;<strong>R$ 1 bilh\u00e3o<\/strong>&nbsp;para o&nbsp;<strong>Programa de Acelera\u00e7\u00e3o do Crescimento (PAC)<\/strong>&nbsp;e&nbsp;<strong>R$ 3 bilh\u00f5es<\/strong>&nbsp;para o pagamento do&nbsp;<strong>Aux\u00edlio G\u00e1s<\/strong>. O abono salarial e o seguro-desemprego tamb\u00e9m ter\u00e3o refor\u00e7os, com&nbsp;<strong>R$ 183 milh\u00f5es adicionais<\/strong>&nbsp;destinados ao benef\u00edcio para trabalhadores de baixa renda.<\/p>\n\n\n\n<p>Lideran\u00e7as do centr\u00e3o tamb\u00e9m foram contempladas no Or\u00e7amento. O&nbsp;<strong>Departamento Nacional de Obras Contra as Secas (Dnocs)<\/strong>, sob controle do PP e do Avante, receber\u00e1 um aumento de&nbsp;<strong>R$ 40 milh\u00f5es<\/strong>. J\u00e1 o&nbsp;<strong>Minist\u00e9rio dos Esportes<\/strong>, comandado por Andr\u00e9 Fufuca (PP-MA), ter\u00e1 um acr\u00e9scimo de&nbsp;<strong>R$ 300 milh\u00f5es<\/strong>&nbsp;para infraestrutura esportiva.<\/p>\n\n\n\n<p>Para acomodar esses gastos, o governo prop\u00f4s&nbsp;<strong>cortes significativos no Bolsa Fam\u00edlia<\/strong>, totalizando&nbsp;<strong>R$ 7,7 bilh\u00f5es<\/strong>. O Minist\u00e9rio do Planejamento justificou a redu\u00e7\u00e3o alegando que o n\u00famero de benefici\u00e1rios foi revisto para eliminar fraudes e pagamentos indevidos.<\/p>\n\n\n\n<p>Outros cortes incluem:<\/p>\n\n\n\n<ul><li><strong>R$ 80,5 milh\u00f5es<\/strong>&nbsp;no Minha Casa Minha Vida;<\/li><li><strong>R$ 850 milh\u00f5es<\/strong>&nbsp;no programa de apoio \u00e0s exporta\u00e7\u00f5es (Proex);<\/li><li><strong>R$ 596 milh\u00f5es<\/strong>&nbsp;no Fundo Nacional da Cultura.<\/li><\/ul>\n\n\n\n<p>O&nbsp;<strong>Programa P\u00e9-de-Meia<\/strong>, que repassa valores a estudantes do ensino m\u00e9dio, ficou fora dos cortes.<\/p>\n\n\n\n<p>A proposta foi enviada pelo Minist\u00e9rio do Planejamento \u00e0&nbsp;<strong>Comiss\u00e3o Mista de Or\u00e7amento (CMO)<\/strong>&nbsp;e ao presidente do Congresso,&nbsp;<strong>Davi Alcolumbre (Uni\u00e3o Brasil-AP)<\/strong>, na \u00faltima ter\u00e7a-feira (11). A expectativa \u00e9 que o Or\u00e7amento de 2025 seja votado na pr\u00f3xima semana.<\/p>\n\n\n\n<p>A decis\u00e3o do governo de priorizar aliados pol\u00edticos em detrimento de programas sociais pode gerar embates no Congresso, especialmente entre parlamentares da oposi\u00e7\u00e3o, que j\u00e1 criticam a redistribui\u00e7\u00e3o de recursos.<\/p>\n","protected":false},"excerpt":{"rendered":"<p>O governo do presidente Luiz In\u00e1cio Lula da Silva encaminhou ao Congresso Nacional um pedido de altera\u00e7\u00e3o no projeto do Or\u00e7amento de 2025 para incluir gastos com aliados pol\u00edticos, como o Movimento dos Trabalhadores Rurais Sem Terra (MST), e projetos ligados ao centr\u00e3o. A proposta prev\u00ea um remanejamento de\u00a0R$ 40 bilh\u00f5es, com cortes em programas [&hellip;]<\/p>\n","protected":false},"author":2,"featured_media":21581,"comment_status":"open","ping_status":"open","sticky":false,"template":"","format":"standard","meta":[],"categories":[4],"tags":[13],"_links":{"self":[{"href":"https:\/\/dgospel.com.br\/portal\/index.php\/wp-json\/wp\/v2\/posts\/21580"}],"collection":[{"href":"https:\/\/dgospel.com.br\/portal\/index.php\/wp-json\/wp\/v2\/posts"}],"about":[{"href":"https:\/\/dgospel.com.br\/portal\/index.php\/wp-json\/wp\/v2\/types\/post"}],"author":[{"embeddable":true,"href":"https:\/\/dgospel.com.br\/portal\/index.php\/wp-json\/wp\/v2\/users\/2"}],"replies":[{"embeddable":true,"href":"https:\/\/dgospel.com.br\/portal\/index.php\/wp-json\/wp\/v2\/comments?post=21580"}],"version-history":[{"count":1,"href":"https:\/\/dgospel.com.br\/portal\/index.php\/wp-json\/wp\/v2\/posts\/21580\/revisions"}],"predecessor-version":[{"id":21582,"href":"https:\/\/dgospel.com.br\/portal\/index.php\/wp-json\/wp\/v2\/posts\/21580\/revisions\/21582"}],"wp:featuredmedia":[{"embeddable":true,"href":"https:\/\/dgospel.com.br\/portal\/index.php\/wp-json\/wp\/v2\/media\/21581"}],"wp:attachment":[{"href":"https:\/\/dgospel.com.br\/portal\/index.php\/wp-json\/wp\/v2\/media?parent=21580"}],"wp:term":[{"taxonomy":"category","embeddable":true,"href":"https:\/\/dgospel.com.br\/portal\/index.php\/wp-json\/wp\/v2\/categories?post=21580"},{"taxonomy":"post_tag","embeddable":true,"href":"https:\/\/dgospel.com.br\/portal\/index.php\/wp-json\/wp\/v2\/tags?post=21580"}],"curies":[{"name":"wp","href":"https:\/\/api.w.org\/{rel}","templated":true}]}}