{"id":21583,"date":"2025-03-13T10:24:44","date_gmt":"2025-03-13T13:24:44","guid":{"rendered":"https:\/\/dgospel.com.br\/portal\/?p=21583"},"modified":"2025-03-13T10:24:45","modified_gmt":"2025-03-13T13:24:45","slug":"lula-enfrenta-pior-momento-politico-perde-apoio-da-classe-trabalhadora-e-do-nordeste-aponta-bloomberg","status":"publish","type":"post","link":"https:\/\/dgospel.com.br\/portal\/index.php\/2025\/03\/13\/lula-enfrenta-pior-momento-politico-perde-apoio-da-classe-trabalhadora-e-do-nordeste-aponta-bloomberg\/","title":{"rendered":"Lula enfrenta pior momento pol\u00edtico, perde apoio da classe trabalhadora e do Nordeste, aponta Bloomberg"},"content":{"rendered":"\n<p>O presidente Luiz In\u00e1cio Lula da Silva vive o pior momento de seus tr\u00eas mandatos, segundo artigo do economista argentino Juan Pablo Spinetto, publicado no site da Bloomberg nesta ter\u00e7a-feira (11). O analista destaca que a popularidade do petista est\u00e1 em decl\u00ednio, especialmente entre trabalhadores e eleitores do Nordeste, regi\u00f5es que historicamente garantiram seu apoio eleitoral.<\/p>\n\n\n\n<p>De acordo com pesquisa do Datafolha, a aprova\u00e7\u00e3o de Lula caiu de 35% em dezembro para 24% em fevereiro, atingindo o menor \u00edndice desde o in\u00edcio de seu terceiro governo. A perda de apoio, segundo Spinetto, reflete o descontentamento popular com o custo de vida elevado, a falta de medidas econ\u00f4micas eficazes e a dificuldade do governo em se conectar com as novas demandas da sociedade.<\/p>\n\n\n\n<p>Para conter a queda de popularidade, Lula tem investido em campanhas publicit\u00e1rias e mudan\u00e7as estrat\u00e9gicas na comunica\u00e7\u00e3o do governo. Em janeiro, ele substituiu a chefia da Secretaria de Comunica\u00e7\u00e3o Social, insatisfeito com a falta de impacto das a\u00e7\u00f5es de divulga\u00e7\u00e3o dos programas federais.<\/p>\n\n\n\n<p>Outra estrat\u00e9gia adotada foi a isen\u00e7\u00e3o do imposto de importa\u00e7\u00e3o sobre alimentos como carne, caf\u00e9, a\u00e7\u00facar, milho e azeite, em uma tentativa de reduzir a infla\u00e7\u00e3o dos alimentos. No entanto, parlamentares ligados ao agroneg\u00f3cio consideram a medida ineficaz e defendem que o incentivo \u00e0 produ\u00e7\u00e3o nacional seria uma solu\u00e7\u00e3o mais duradoura.<\/p>\n\n\n\n<p>O governo tamb\u00e9m enfrenta dificuldades com o programa P\u00e9-de-Meia, voltado para estudantes do ensino m\u00e9dio. O projeto sofreu um rev\u00e9s ap\u00f3s o Tribunal de Contas da Uni\u00e3o (TCU) bloquear R$ 6 bilh\u00f5es, alegando irregularidades no financiamento. O epis\u00f3dio resultou em cr\u00edticas da oposi\u00e7\u00e3o, que acusou o governo de crime de responsabilidade, tra\u00e7ando paralelos com o impeachment de Dilma Rousseff em 2016.<\/p>\n\n\n\n<p>Apesar dos esfor\u00e7os do governo, a infla\u00e7\u00e3o continua pressionando o or\u00e7amento das fam\u00edlias brasileiras. O desemprego caiu para 6,5% em fevereiro, mas a melhora no mercado de trabalho n\u00e3o tem sido suficiente para reverter a insatisfa\u00e7\u00e3o popular.<\/p>\n\n\n\n<p>Para Spinetto, Lula enfrenta desafios pol\u00edticos e econ\u00f4micos semelhantes aos do presidente dos Estados Unidos, Joe Biden, que tamb\u00e9m sofre com queda de popularidade e dificuldades em se conectar com uma nova gera\u00e7\u00e3o de eleitores.<\/p>\n\n\n\n<p><em>\u201cOu\u00e7a Lula hoje e ele parece preso em 2007\u201d,<\/em>&nbsp;escreve Spinetto.&nbsp;<em>\u201cLonge do pol\u00edtico encantador que seduzia investidores e a comunidade empresarial.\u201d<\/em><\/p>\n\n\n\n<p>O economista ressalta que o governo carece de um projeto moderno capaz de entusiasmar os brasileiros, muitos dos quais nem eram adultos quando Lula estava no auge de sua popularidade.<\/p>\n\n\n\n<p>Al\u00e9m da perda de apoio popular, Lula enfrenta desgastes pol\u00edticos dentro e fora do Brasil. A recente nomea\u00e7\u00e3o de Gleisi Hoffmann para a Secretaria de Rela\u00e7\u00f5es Institucionais foi interpretada como um movimento para refor\u00e7ar sua base no Congresso, mas tamb\u00e9m gerou resist\u00eancias entre aliados.<\/p>\n\n\n\n<p>O presidente tamb\u00e9m intensificou sua ret\u00f3rica contra a imprensa, acusando ve\u00edculos de divulgarem \u201cnot\u00edcias falsas\u201d.<\/p>\n\n\n\n<p>No cen\u00e1rio internacional, Lula protagonizou um novo embate ao criticar o ex-presidente dos Estados Unidos, Donald Trump. Respondendo a falas do republicano, o petista declarou que n\u00e3o adianta Trump \u201cficar gritando de l\u00e1\u201d e afirmou que aprendeu a \u201cn\u00e3o ter medo de cara feia\u201d, sugerindo um poss\u00edvel atrito diplom\u00e1tico caso o republicano volte ao poder.<\/p>\n","protected":false},"excerpt":{"rendered":"<p>O presidente Luiz In\u00e1cio Lula da Silva vive o pior momento de seus tr\u00eas mandatos, segundo artigo do economista argentino Juan Pablo Spinetto, publicado no site da Bloomberg nesta ter\u00e7a-feira (11). O analista destaca que a popularidade do petista est\u00e1 em decl\u00ednio, especialmente entre trabalhadores e eleitores do Nordeste, regi\u00f5es que historicamente garantiram seu apoio [&hellip;]<\/p>\n","protected":false},"author":2,"featured_media":21584,"comment_status":"open","ping_status":"open","sticky":false,"template":"","format":"standard","meta":[],"categories":[4],"tags":[13],"_links":{"self":[{"href":"https:\/\/dgospel.com.br\/portal\/index.php\/wp-json\/wp\/v2\/posts\/21583"}],"collection":[{"href":"https:\/\/dgospel.com.br\/portal\/index.php\/wp-json\/wp\/v2\/posts"}],"about":[{"href":"https:\/\/dgospel.com.br\/portal\/index.php\/wp-json\/wp\/v2\/types\/post"}],"author":[{"embeddable":true,"href":"https:\/\/dgospel.com.br\/portal\/index.php\/wp-json\/wp\/v2\/users\/2"}],"replies":[{"embeddable":true,"href":"https:\/\/dgospel.com.br\/portal\/index.php\/wp-json\/wp\/v2\/comments?post=21583"}],"version-history":[{"count":1,"href":"https:\/\/dgospel.com.br\/portal\/index.php\/wp-json\/wp\/v2\/posts\/21583\/revisions"}],"predecessor-version":[{"id":21585,"href":"https:\/\/dgospel.com.br\/portal\/index.php\/wp-json\/wp\/v2\/posts\/21583\/revisions\/21585"}],"wp:featuredmedia":[{"embeddable":true,"href":"https:\/\/dgospel.com.br\/portal\/index.php\/wp-json\/wp\/v2\/media\/21584"}],"wp:attachment":[{"href":"https:\/\/dgospel.com.br\/portal\/index.php\/wp-json\/wp\/v2\/media?parent=21583"}],"wp:term":[{"taxonomy":"category","embeddable":true,"href":"https:\/\/dgospel.com.br\/portal\/index.php\/wp-json\/wp\/v2\/categories?post=21583"},{"taxonomy":"post_tag","embeddable":true,"href":"https:\/\/dgospel.com.br\/portal\/index.php\/wp-json\/wp\/v2\/tags?post=21583"}],"curies":[{"name":"wp","href":"https:\/\/api.w.org\/{rel}","templated":true}]}}