{"id":21586,"date":"2025-03-13T10:27:40","date_gmt":"2025-03-13T13:27:40","guid":{"rendered":"https:\/\/dgospel.com.br\/portal\/?p=21586"},"modified":"2025-03-13T10:27:41","modified_gmt":"2025-03-13T13:27:41","slug":"ovo-tem-a-maior-alta-desde-1994-antes-do-plano-real-aponta-ibge","status":"publish","type":"post","link":"https:\/\/dgospel.com.br\/portal\/index.php\/2025\/03\/13\/ovo-tem-a-maior-alta-desde-1994-antes-do-plano-real-aponta-ibge\/","title":{"rendered":"Ovo tem a maior alta desde 1994, antes do Plano Real, aponta IBGE"},"content":{"rendered":"\n<p>O ovo de galinha e o caf\u00e9 mo\u00eddo, dois itens essenciais na mesa dos brasileiros, registraram infla\u00e7\u00e3o de dois d\u00edgitos em fevereiro, segundo dados do \u00cdndice Nacional de Pre\u00e7os ao Consumidor Amplo (IPCA) divulgados nesta quarta-feira (12) pelo Instituto Brasileiro de Geografia e Estat\u00edstica (IBGE).<\/p>\n\n\n\n<p>O pre\u00e7o do ovo teve alta de&nbsp;<strong>15,39%<\/strong>, a maior varia\u00e7\u00e3o mensal desde o in\u00edcio do Plano Real. A \u00faltima vez que esse item apresentou um aumento t\u00e3o expressivo foi em junho de 1994, quando subiu&nbsp;<strong>56,41%<\/strong>&nbsp;antes da circula\u00e7\u00e3o do real.<\/p>\n\n\n\n<p>J\u00e1 o caf\u00e9 mo\u00eddo subiu&nbsp;<strong>10,77%<\/strong>&nbsp;no m\u00eas passado, registrando o maior aumento em&nbsp;<strong>26 anos<\/strong>. Desde fevereiro de 1999, quando a alta foi de&nbsp;<strong>12,55%<\/strong>, o produto n\u00e3o apresentava uma varia\u00e7\u00e3o t\u00e3o intensa.<\/p>\n\n\n\n<p>O IBGE aponta que fatores como a quebra de safra global t\u00eam impulsionado os pre\u00e7os do caf\u00e9, enquanto a demanda por ovos foi pressionada pelo retorno das aulas escolares, restri\u00e7\u00f5es na exporta\u00e7\u00e3o devido \u00e0 gripe avi\u00e1ria nos EUA e as altas temperaturas no Brasil.<\/p>\n\n\n\n<p>\u201cO tempo quente influencia a produ\u00e7\u00e3o dos ovos e o bem-estar das aves, reduzindo a oferta\u201d, explicou Fernando Gon\u00e7alves, gerente da pesquisa do IBGE.<\/p>\n\n\n\n<p>Apesar da disparada do ovo e do caf\u00e9, a infla\u00e7\u00e3o do grupo&nbsp;<strong>alimenta\u00e7\u00e3o e bebidas<\/strong>&nbsp;avan\u00e7ou&nbsp;<strong>0,70%<\/strong>&nbsp;em fevereiro, abaixo dos&nbsp;<strong>0,96%<\/strong>&nbsp;registrados em janeiro.<\/p>\n\n\n\n<p>A desacelera\u00e7\u00e3o foi puxada pela queda nos pre\u00e7os de alguns produtos b\u00e1sicos, como&nbsp;<strong>batata-inglesa (-4,10%)<\/strong>,&nbsp;<strong>arroz (-1,61%)<\/strong>&nbsp;e&nbsp;<strong>leite longa vida (-1,04%)<\/strong>. Outros itens que registraram queda foram&nbsp;<strong>banana-d\u2019\u00e1gua (-5,07%)<\/strong>,&nbsp;<strong>laranja-pera (-3,49%)<\/strong>&nbsp;e&nbsp;<strong>\u00f3leo de soja (-1,98%)<\/strong>.<\/p>\n\n\n\n<p>Nos \u00faltimos&nbsp;<strong>12 meses<\/strong>, o grupo&nbsp;<strong>alimenta\u00e7\u00e3o e bebidas<\/strong>&nbsp;acumula alta de&nbsp;<strong>7%<\/strong>, sendo o maior impacto entre os nove grupos do IPCA. Em seguida, aparece o grupo&nbsp;<strong>educa\u00e7\u00e3o<\/strong>, com alta de&nbsp;<strong>6,35%<\/strong>.<\/p>\n\n\n\n<p>A infla\u00e7\u00e3o dos alimentos tem sido um dos principais desafios para o governo do presidente Luiz In\u00e1cio Lula da Silva, especialmente diante da queda de sua popularidade.<\/p>\n\n\n\n<p>Para tentar conter os aumentos, o governo anunciou a&nbsp;<strong>isen\u00e7\u00e3o do imposto de importa\u00e7\u00e3o<\/strong>&nbsp;sobre produtos como&nbsp;<strong>carne, caf\u00e9, milho, \u00f3leos e a\u00e7\u00facar<\/strong>. No entanto, especialistas avaliam que a medida pode n\u00e3o ter um impacto no bolso do consumidor.<\/p>\n","protected":false},"excerpt":{"rendered":"<p>O ovo de galinha e o caf\u00e9 mo\u00eddo, dois itens essenciais na mesa dos brasileiros, registraram infla\u00e7\u00e3o de dois d\u00edgitos em fevereiro, segundo dados do \u00cdndice Nacional de Pre\u00e7os ao Consumidor Amplo (IPCA) divulgados nesta quarta-feira (12) pelo Instituto Brasileiro de Geografia e Estat\u00edstica (IBGE). O pre\u00e7o do ovo teve alta de&nbsp;15,39%, a maior varia\u00e7\u00e3o [&hellip;]<\/p>\n","protected":false},"author":2,"featured_media":21587,"comment_status":"open","ping_status":"open","sticky":false,"template":"","format":"standard","meta":[],"categories":[10],"tags":[],"_links":{"self":[{"href":"https:\/\/dgospel.com.br\/portal\/index.php\/wp-json\/wp\/v2\/posts\/21586"}],"collection":[{"href":"https:\/\/dgospel.com.br\/portal\/index.php\/wp-json\/wp\/v2\/posts"}],"about":[{"href":"https:\/\/dgospel.com.br\/portal\/index.php\/wp-json\/wp\/v2\/types\/post"}],"author":[{"embeddable":true,"href":"https:\/\/dgospel.com.br\/portal\/index.php\/wp-json\/wp\/v2\/users\/2"}],"replies":[{"embeddable":true,"href":"https:\/\/dgospel.com.br\/portal\/index.php\/wp-json\/wp\/v2\/comments?post=21586"}],"version-history":[{"count":1,"href":"https:\/\/dgospel.com.br\/portal\/index.php\/wp-json\/wp\/v2\/posts\/21586\/revisions"}],"predecessor-version":[{"id":21588,"href":"https:\/\/dgospel.com.br\/portal\/index.php\/wp-json\/wp\/v2\/posts\/21586\/revisions\/21588"}],"wp:featuredmedia":[{"embeddable":true,"href":"https:\/\/dgospel.com.br\/portal\/index.php\/wp-json\/wp\/v2\/media\/21587"}],"wp:attachment":[{"href":"https:\/\/dgospel.com.br\/portal\/index.php\/wp-json\/wp\/v2\/media?parent=21586"}],"wp:term":[{"taxonomy":"category","embeddable":true,"href":"https:\/\/dgospel.com.br\/portal\/index.php\/wp-json\/wp\/v2\/categories?post=21586"},{"taxonomy":"post_tag","embeddable":true,"href":"https:\/\/dgospel.com.br\/portal\/index.php\/wp-json\/wp\/v2\/tags?post=21586"}],"curies":[{"name":"wp","href":"https:\/\/api.w.org\/{rel}","templated":true}]}}