{"id":2159,"date":"2018-12-27T10:36:29","date_gmt":"2018-12-27T12:36:29","guid":{"rendered":"http:\/\/dgospel.com.br\/portal\/?p=2159"},"modified":"2018-12-27T10:36:29","modified_gmt":"2018-12-27T12:36:29","slug":"prefeita-cinthia-ribeiro-cria-distrito-turistico-de-palmas-na-regiao-norte-da-capital","status":"publish","type":"post","link":"https:\/\/dgospel.com.br\/portal\/index.php\/2018\/12\/27\/prefeita-cinthia-ribeiro-cria-distrito-turistico-de-palmas-na-regiao-norte-da-capital\/","title":{"rendered":"Prefeita Cinthia Ribeiro cria Distrito Tur\u00edstico de Palmas na regi\u00e3o Norte da Capital"},"content":{"rendered":"<p>Com a finalidade de estimular a gera\u00e7\u00e3o de emprego e renda, desenvolver os setores da cadeia produtiva do turismo e de servi\u00e7os no Munic\u00edpio de Palmas, a prefeita Cinthia Ribeiro criou o Distrito Tur\u00edstico de Palmas (DTP), para atrair a implanta\u00e7\u00e3o de empreendimentos tur\u00edsticos.\u00a0 A cria\u00e7\u00e3o do Distrito Tur\u00edstico de Palmas se deu por meio de Lei Complementar n\u00ba 408 de 20 de dezembro de 2018, publicada no suplemento ao Di\u00e1rio Oficial do Munic\u00edpio de Palmas n\u00ba 2.148, do dia 20 de dezembro de 2018.<\/p>\n<p class=\"yiv2747232591MsoNormal\">O Distrito Tur\u00edstico de Palmas compreende uma \u00e1rea de 1.002,60 hectares, situada na regi\u00e3o Norte da Capital, destacada de \u00e1rea remanescente do loteamento rural Ch\u00e1caras Especiais do C\u00f3rrego Ja\u00fa, da fazenda das Palmas e da Fazenda Nossa Senhora Aparecida. O per\u00edmetro do DTP tem inicio nas margens da rodovia T0-050 e limite com a fazenda Palmas.<\/p>\n<p class=\"yiv2747232591MsoNormal\">Ainda de acordo com a LC, o Poder Executivo dever\u00e1 regulamentar o processo de atra\u00e7\u00e3o e instala\u00e7\u00e3o de empresas com parques de divers\u00e3o, hot\u00e9is, restaurantes, prestadoras de servi\u00e7os, dentre outras relacionadas \u00e0 cadeia turismo.<\/p>\n<p class=\"yiv2747232591MsoNormal\">De acordo com a chefe\u00a0\u00a0do Executivo de Palmas, Cinthia Ribeiro, a cria\u00e7\u00e3o do DTP ir\u00e1 impulsionar o desenvolvimento da regi\u00e3o Norte. \u201cEstamos criando o DTP para alavancarmos o p\u00f3lo tur\u00edstico na\u00a0\u00a0regi\u00e3o Norte da Capital de forma sustent\u00e1vel agregando ainda mais\u00a0\u00a0valor a nossa\u00a0\u00a0cadeia do turismo\u201d, acrescentando que todos os empreendimentos a serem instalados no Distrito Tur\u00edstico de Palmas dever\u00e3o aderir ao Programa Palmas Solar, onde\u00a0\u00a0far\u00e3o jus aos incentivos e obriga\u00e7\u00f5es previstos em legisla\u00e7\u00e3o espec\u00edfica.<\/p>\n","protected":false},"excerpt":{"rendered":"<p>Com a finalidade de estimular a gera\u00e7\u00e3o de emprego e renda, desenvolver os setores da cadeia produtiva do turismo e de servi\u00e7os no Munic\u00edpio de Palmas, a prefeita Cinthia Ribeiro criou o Distrito Tur\u00edstico de Palmas (DTP), para atrair a implanta\u00e7\u00e3o de empreendimentos tur\u00edsticos.\u00a0 A cria\u00e7\u00e3o do Distrito Tur\u00edstico de Palmas se deu por meio [&hellip;]<\/p>\n","protected":false},"author":2,"featured_media":2160,"comment_status":"open","ping_status":"open","sticky":false,"template":"","format":"standard","meta":[],"categories":[2,3],"tags":[],"_links":{"self":[{"href":"https:\/\/dgospel.com.br\/portal\/index.php\/wp-json\/wp\/v2\/posts\/2159"}],"collection":[{"href":"https:\/\/dgospel.com.br\/portal\/index.php\/wp-json\/wp\/v2\/posts"}],"about":[{"href":"https:\/\/dgospel.com.br\/portal\/index.php\/wp-json\/wp\/v2\/types\/post"}],"author":[{"embeddable":true,"href":"https:\/\/dgospel.com.br\/portal\/index.php\/wp-json\/wp\/v2\/users\/2"}],"replies":[{"embeddable":true,"href":"https:\/\/dgospel.com.br\/portal\/index.php\/wp-json\/wp\/v2\/comments?post=2159"}],"version-history":[{"count":1,"href":"https:\/\/dgospel.com.br\/portal\/index.php\/wp-json\/wp\/v2\/posts\/2159\/revisions"}],"predecessor-version":[{"id":2161,"href":"https:\/\/dgospel.com.br\/portal\/index.php\/wp-json\/wp\/v2\/posts\/2159\/revisions\/2161"}],"wp:featuredmedia":[{"embeddable":true,"href":"https:\/\/dgospel.com.br\/portal\/index.php\/wp-json\/wp\/v2\/media\/2160"}],"wp:attachment":[{"href":"https:\/\/dgospel.com.br\/portal\/index.php\/wp-json\/wp\/v2\/media?parent=2159"}],"wp:term":[{"taxonomy":"category","embeddable":true,"href":"https:\/\/dgospel.com.br\/portal\/index.php\/wp-json\/wp\/v2\/categories?post=2159"},{"taxonomy":"post_tag","embeddable":true,"href":"https:\/\/dgospel.com.br\/portal\/index.php\/wp-json\/wp\/v2\/tags?post=2159"}],"curies":[{"name":"wp","href":"https:\/\/api.w.org\/{rel}","templated":true}]}}