{"id":21592,"date":"2025-03-14T15:39:47","date_gmt":"2025-03-14T18:39:47","guid":{"rendered":"https:\/\/dgospel.com.br\/portal\/?p=21592"},"modified":"2025-03-14T16:37:19","modified_gmt":"2025-03-14T19:37:19","slug":"anulacao-de-mandatos-pelo-stf-favorece-pcdob-psol-e-psb-na-camara","status":"publish","type":"post","link":"https:\/\/dgospel.com.br\/portal\/index.php\/2025\/03\/14\/anulacao-de-mandatos-pelo-stf-favorece-pcdob-psol-e-psb-na-camara\/","title":{"rendered":"Anula\u00e7\u00e3o de mandatos, pelo STF, favorece PCdoB, Psol e PSB na C\u00e2mara"},"content":{"rendered":"\n<p>A\u00a0<a href=\"https:\/\/horabrasilia.com.br\/2025\/03\/stf-anula-mandatos-de-7-deputados-federais-e-determina-nova-distribuicao-de-cadeiras\/\">decis\u00e3o<\/a>\u00a0do Supremo Tribunal Federal (STF) de aplicar retroativamente uma nova interpreta\u00e7\u00e3o sobre as sobras eleitorais n\u00e3o apenas anulou os mandatos de sete deputados federais, como tamb\u00e9m fortaleceu partidos de esquerda e centro na C\u00e2mara. A redistribui\u00e7\u00e3o de cadeiras beneficia diretamente siglas como PSOL, PCdoB, PSB e Podemos, enquanto o PL, Uni\u00e3o Brasil, Republicanos, PDT e MDB perdem espa\u00e7o.<\/p>\n\n\n\n<p>O caso agora segue para o Tribunal Superior Eleitoral (TSE), que oficializar\u00e1 os novos nomes que assumir\u00e3o as cadeiras.<\/p>\n\n\n\n<p>A mudan\u00e7a afeta principalmente o PL, partido do ex-presidente Jair Bolsonaro, que perde duas cadeiras para siglas de oposi\u00e7\u00e3o. Tamb\u00e9m s\u00e3o prejudicados partidos de direita e centro-direita, como Uni\u00e3o Brasil, Republicanos, MDB e PDT.<\/p>\n\n\n\n<p>J\u00e1 os partidos beneficiados incluem o PSOL, PCdoB, PSB e Podemos, que passam a ocupar posi\u00e7\u00f5es estrat\u00e9gicas na C\u00e2mara.<\/p>\n\n\n\n<p>\u00a0<strong>Sai<\/strong>\u00a0Professora Goreth (<strong>PDT-AP<\/strong>) \u279c\u00a0<strong>Entra<\/strong>\u00a0Professora Marciv\u00e2nia (<strong>PCdoB-AP<\/strong>)<br>\u00a0<strong>Sai<\/strong>\u00a0S\u00edlvia Wai\u00e3pi (<strong>PL-AP<\/strong>) \u279c\u00a0<strong>Entra<\/strong>\u00a0Paulo Lemos (<strong>PSOL-AP<\/strong>)<br>\u00a0<strong>Sai<\/strong>\u00a0Sonize Barbosa (<strong>PL-AP<\/strong>) \u279c\u00a0<strong>Entra<\/strong>\u00a0Andr\u00e9 Abdon (<strong>PP-AP<\/strong>)<br>\u00a0<strong>Sai<\/strong>\u00a0Gilvan M\u00e1ximo (<strong>Republicanos-DF<\/strong>) \u279c\u00a0<strong>Entra<\/strong>\u00a0Rodrigo Rollemberg (<strong>PSB-DF<\/strong>)<br>\u00a0<strong>Sai<\/strong>\u00a0Lebr\u00e3o (<strong>Uni\u00e3o Brasil-RO<\/strong>) \u279c\u00a0<strong>Entra<\/strong>\u00a0Rafael Bento (<strong>Podemos-RO<\/strong>)<br>\u00a0<strong>Sai<\/strong>\u00a0L\u00e1zaro Botelho (<strong>PP-TO<\/strong>) \u279c\u00a0<strong>Entra<\/strong>\u00a0Tiago Dimas (<strong>Podemos-TO<\/strong>)<br>\u00a0<strong>Sai<\/strong>\u00a0Augusto Puppio (<strong>MDB-AP<\/strong>) \u279c\u00a0<strong>Entra<\/strong>\u00a0Aline Gurgel (<strong>Republicanos-AP<\/strong>)<\/p>\n\n\n\n<p>O STF j\u00e1 havia derrubado em fevereiro as regras criadas pelo Congresso em 2021 para a distribui\u00e7\u00e3o das sobras eleitorais, mas ainda restava definir se a decis\u00e3o teria efeito apenas para elei\u00e7\u00f5es futuras ou se alteraria tamb\u00e9m o resultado de 2022.<\/p>\n\n\n\n<p>Com a aplica\u00e7\u00e3o retroativa, a mudan\u00e7a favorece partidos que, pela regra anterior a 2021, teriam direito a mais cadeiras na C\u00e2mara. A norma original exigia que apenas partidos que atingissem 80% do quociente eleitoral e candidatos com 20% desse quociente pudessem disputar as vagas remanescentes, o que beneficiou PCdoB, PSOL, PSB e Podemos.<\/p>\n\n\n\n<p>A decis\u00e3o gerou cr\u00edticas de partidos prejudicados, que argumentam que o STF est\u00e1 interferindo no resultado das elei\u00e7\u00f5es j\u00e1 encerradas, criando instabilidade no Congresso. O PL e Uni\u00e3o Brasil, por exemplo, podem recorrer \u00e0 Justi\u00e7a Eleitoral para tentar reverter a mudan\u00e7a.<\/p>\n\n\n\n<p>Por outro lado, os ministros que votaram a favor da medida \u2013 Alexandre de Moraes, Dias Toffoli, Fl\u00e1vio Dino, Cristiano Zanin, Gilmar Mendes e Nunes Marques \u2013 sustentam que n\u00e3o seria poss\u00edvel manter mandatos conquistados por meio de regras consideradas inconstitucionais.<\/p>\n\n\n\n<p><a href=\"https:\/\/api.whatsapp.com\/send?text=Anula%C3%A7%C3%A3o%20de%20mandatos%2C%20pelo%20STF%2C%20favorece%20PCdoB%2C%20Psol%20e%20PSB%20na%20C%C3%A2mara%20https%3A%2F%2Fhorabrasilia.com.br%2F2025%2F03%2Fanulacao-de-mandatos-pelo-stf-favorece-pcdob-psol-e-psb-na-camara%2F\" rel=\"noreferrer noopener\" target=\"_blank\"><\/a><a href=\"https:\/\/telegram.me\/share\/url?url=https%3A%2F%2Fhorabrasilia.com.br%2F2025%2F03%2Fanulacao-de-mandatos-pelo-stf-favorece-pcdob-psol-e-psb-na-camara%2F&amp;text=Anula%C3%A7%C3%A3o%20de%20mandatos%2C%20pelo%20STF%2C%20favorece%20PCdoB%2C%20Psol%20e%20PSB%20na%20C%C3%A2mara\" rel=\"noreferrer noopener\" target=\"_blank\"><\/a><a href=\"https:\/\/twitter.com\/intent\/tweet?via=hugojor3&amp;text=Anula%C3%A7%C3%A3o%20de%20mandatos%2C%20pelo%20STF%2C%20favorece%20PCdoB%2C%20Psol%20e%20PSB%20na%20C%C3%A2mara&amp;url=https%3A%2F%2Fhorabrasilia.com.br%2F2025%2F03%2Fanulacao-de-mandatos-pelo-stf-favorece-pcdob-psol-e-psb-na-camara%2F\" rel=\"noreferrer noopener\" target=\"_blank\"><\/a><a href=\"https:\/\/www.facebook.com\/sharer\/sharer.php?u=https%3A%2F%2Fhorabrasilia.com.br%2F2025%2F03%2Fanulacao-de-mandatos-pelo-stf-favorece-pcdob-psol-e-psb-na-camara%2F\" rel=\"noreferrer noopener\" target=\"_blank\"><\/a><a href=\"https:\/\/horabrasilia.com.br\/2025\/03\/anulacao-de-mandatos-pelo-stf-favorece-pcdob-psol-e-psb-na-camara\/\"><\/a><a href=\"https:\/\/gettr.com\/share?text=Anula%C3%A7%C3%A3o%20de%20mandatos%2C%20pelo%20STF%2C%20favorece%20PCdoB%2C%20Psol%20e%20PSB%20na%20C%C3%A2mara&amp;url=https%3A%2F%2Fhorabrasilia.com.br%2F2025%2F03%2Fanulacao-de-mandatos-pelo-stf-favorece-pcdob-psol-e-psb-na-camara%2F\" rel=\"noreferrer noopener\" target=\"_blank\"><\/a><a href=\"https:\/\/horabrasilia.com.br\/2025\/03\/anulacao-de-mandatos-pelo-stf-favorece-pcdob-psol-e-psb-na-camara\/\"><\/a><\/p>\n","protected":false},"excerpt":{"rendered":"<p>A\u00a0decis\u00e3o\u00a0do Supremo Tribunal Federal (STF) de aplicar retroativamente uma nova interpreta\u00e7\u00e3o sobre as sobras eleitorais n\u00e3o apenas anulou os mandatos de sete deputados federais, como tamb\u00e9m fortaleceu partidos de esquerda e centro na C\u00e2mara. A redistribui\u00e7\u00e3o de cadeiras beneficia diretamente siglas como PSOL, PCdoB, PSB e Podemos, enquanto o PL, Uni\u00e3o Brasil, Republicanos, PDT e [&hellip;]<\/p>\n","protected":false},"author":2,"featured_media":21593,"comment_status":"open","ping_status":"open","sticky":false,"template":"","format":"standard","meta":[],"categories":[10],"tags":[13],"_links":{"self":[{"href":"https:\/\/dgospel.com.br\/portal\/index.php\/wp-json\/wp\/v2\/posts\/21592"}],"collection":[{"href":"https:\/\/dgospel.com.br\/portal\/index.php\/wp-json\/wp\/v2\/posts"}],"about":[{"href":"https:\/\/dgospel.com.br\/portal\/index.php\/wp-json\/wp\/v2\/types\/post"}],"author":[{"embeddable":true,"href":"https:\/\/dgospel.com.br\/portal\/index.php\/wp-json\/wp\/v2\/users\/2"}],"replies":[{"embeddable":true,"href":"https:\/\/dgospel.com.br\/portal\/index.php\/wp-json\/wp\/v2\/comments?post=21592"}],"version-history":[{"count":2,"href":"https:\/\/dgospel.com.br\/portal\/index.php\/wp-json\/wp\/v2\/posts\/21592\/revisions"}],"predecessor-version":[{"id":21596,"href":"https:\/\/dgospel.com.br\/portal\/index.php\/wp-json\/wp\/v2\/posts\/21592\/revisions\/21596"}],"wp:featuredmedia":[{"embeddable":true,"href":"https:\/\/dgospel.com.br\/portal\/index.php\/wp-json\/wp\/v2\/media\/21593"}],"wp:attachment":[{"href":"https:\/\/dgospel.com.br\/portal\/index.php\/wp-json\/wp\/v2\/media?parent=21592"}],"wp:term":[{"taxonomy":"category","embeddable":true,"href":"https:\/\/dgospel.com.br\/portal\/index.php\/wp-json\/wp\/v2\/categories?post=21592"},{"taxonomy":"post_tag","embeddable":true,"href":"https:\/\/dgospel.com.br\/portal\/index.php\/wp-json\/wp\/v2\/tags?post=21592"}],"curies":[{"name":"wp","href":"https:\/\/api.w.org\/{rel}","templated":true}]}}