{"id":21597,"date":"2025-03-17T12:08:14","date_gmt":"2025-03-17T15:08:14","guid":{"rendered":"https:\/\/dgospel.com.br\/portal\/?p=21597"},"modified":"2025-03-17T12:08:16","modified_gmt":"2025-03-17T15:08:16","slug":"ato-em-copacabana-reuniu-400-mil-pessoas-diz-pmrj","status":"publish","type":"post","link":"https:\/\/dgospel.com.br\/portal\/index.php\/2025\/03\/17\/ato-em-copacabana-reuniu-400-mil-pessoas-diz-pmrj\/","title":{"rendered":"Ato em Copacabana reuniu 400 mil pessoas, diz PMRJ"},"content":{"rendered":"\n<p>A Pol\u00edcia Militar do Rio de Janeiro declarou, neste domingo (16), que 400 mil pessoas participaram do ato pela anistia dos presos do 8 de janeiro que aconteceu na Praia de Copacabana, no Rio.<\/p>\n\n\n\n<p>A nota da corpora\u00e7\u00e3o diz que todo o monitoramento da manifesta\u00e7\u00e3o foi feito pelo 19\u00ba Batalh\u00e3o de Pol\u00edcia com apoio do 1\u00ba Comando de Policiamento de \u00c1rea (1\u00ba CPA) e Comando de Opera\u00e7\u00f5es Especiais (COE).<\/p>\n\n\n\n<p>Durante todo o evento, que durou cerca de tr\u00eas horas, n\u00e3o foram registradas nenhuma ocorr\u00eancia. O ato, organizado pelo pastor Silas Malafaia, contou com a participa\u00e7\u00e3o do ex-presidente&nbsp;<a href=\"https:\/\/pleno.news\/brasil\/politica-nacional\/bolsonaro-se-algo-acontecer-comigo-continuem-lutando.html\" target=\"_blank\" rel=\"noreferrer noopener\">Jair Bolsonaro<\/a>&nbsp;(PL), do governador do Rio de Janeiro, Cl\u00e1udio Castro (PL), do governador de S\u00e3o Paulo, Tarc\u00edsio de Freitas (Republicanos), al\u00e9m de senadores, deputados federais, deputados estaduais e vereadores de v\u00e1rias partes do pa\u00eds.<\/p>\n\n\n\n<p>Malafaia fez um discurso listando seis provas de que n\u00e3o existiu tentativa de golpe em 8 de janeiro de 2023. A primeira delas \u00e9 que a Ag\u00eancia Brasileira de Intelig\u00eancia (Abin) enviou mais de 30 alertas ao governo federal sobre a manifesta\u00e7\u00e3o se tornar violenta e nenhuma atitude foi tomada. Outra prova \u00e9 que o ministro do GSI estava dentro do Pal\u00e1cio do Planalto recebendo os manifestantes e aparece nas imagens servindo \u00e1gua e conversando com eles.<\/p>\n\n\n\n<p>\u2013 Gente, isso \u00e9 uma piada. O pal\u00e1cio de portas abertas recebendo pseudogolpistas e ele dando \u00e1gua. Que golpe \u00e9 esse, minha gente? \u2013 questionou o pastor.<\/p>\n\n\n\n<p>Malafaia seguiu dando outros motivos para desacreditar na hip\u00f3tese de tentativa de golpe de Estado.<\/p>\n\n\n\n<p>Os condenados pelos atos de 8 de janeiro receberam penas de at\u00e9 17 anos, pelo agravante do crime de aboli\u00e7\u00e3o violenta do Estado Democr\u00e1tico de Direito \u00e9 de reclus\u00e3o de quatro a oito anos.<\/p>\n\n\n\n<p><strong>Confira:<\/strong><\/p>\n\n\n\n<p><a href=\"https:\/\/www.instagram.com\/reel\/DHRF2X6M__p\/?utm_source=ig_embed&amp;utm_campaign=loading\">https:\/\/www.instagram.com\/reel\/DHRF2X6M__p\/?utm_source=ig_embed&amp;utm_campaign=loading<\/a><\/p>\n","protected":false},"excerpt":{"rendered":"<p>A Pol\u00edcia Militar do Rio de Janeiro declarou, neste domingo (16), que 400 mil pessoas participaram do ato pela anistia dos presos do 8 de janeiro que aconteceu na Praia de Copacabana, no Rio. A nota da corpora\u00e7\u00e3o diz que todo o monitoramento da manifesta\u00e7\u00e3o foi feito pelo 19\u00ba Batalh\u00e3o de Pol\u00edcia com apoio do [&hellip;]<\/p>\n","protected":false},"author":2,"featured_media":21598,"comment_status":"open","ping_status":"open","sticky":false,"template":"","format":"standard","meta":[],"categories":[4],"tags":[],"_links":{"self":[{"href":"https:\/\/dgospel.com.br\/portal\/index.php\/wp-json\/wp\/v2\/posts\/21597"}],"collection":[{"href":"https:\/\/dgospel.com.br\/portal\/index.php\/wp-json\/wp\/v2\/posts"}],"about":[{"href":"https:\/\/dgospel.com.br\/portal\/index.php\/wp-json\/wp\/v2\/types\/post"}],"author":[{"embeddable":true,"href":"https:\/\/dgospel.com.br\/portal\/index.php\/wp-json\/wp\/v2\/users\/2"}],"replies":[{"embeddable":true,"href":"https:\/\/dgospel.com.br\/portal\/index.php\/wp-json\/wp\/v2\/comments?post=21597"}],"version-history":[{"count":1,"href":"https:\/\/dgospel.com.br\/portal\/index.php\/wp-json\/wp\/v2\/posts\/21597\/revisions"}],"predecessor-version":[{"id":21599,"href":"https:\/\/dgospel.com.br\/portal\/index.php\/wp-json\/wp\/v2\/posts\/21597\/revisions\/21599"}],"wp:featuredmedia":[{"embeddable":true,"href":"https:\/\/dgospel.com.br\/portal\/index.php\/wp-json\/wp\/v2\/media\/21598"}],"wp:attachment":[{"href":"https:\/\/dgospel.com.br\/portal\/index.php\/wp-json\/wp\/v2\/media?parent=21597"}],"wp:term":[{"taxonomy":"category","embeddable":true,"href":"https:\/\/dgospel.com.br\/portal\/index.php\/wp-json\/wp\/v2\/categories?post=21597"},{"taxonomy":"post_tag","embeddable":true,"href":"https:\/\/dgospel.com.br\/portal\/index.php\/wp-json\/wp\/v2\/tags?post=21597"}],"curies":[{"name":"wp","href":"https:\/\/api.w.org\/{rel}","templated":true}]}}