{"id":21600,"date":"2025-03-18T11:41:17","date_gmt":"2025-03-18T14:41:17","guid":{"rendered":"https:\/\/dgospel.com.br\/portal\/?p=21600"},"modified":"2025-03-18T11:41:18","modified_gmt":"2025-03-18T14:41:18","slug":"argentina-mantem-superavit-fiscal-e-milei-reforca-compromisso-com-deficit-zero","status":"publish","type":"post","link":"https:\/\/dgospel.com.br\/portal\/index.php\/2025\/03\/18\/argentina-mantem-superavit-fiscal-e-milei-reforca-compromisso-com-deficit-zero\/","title":{"rendered":"Argentina mant\u00e9m superavit fiscal e Milei refor\u00e7a compromisso com \u201cd\u00e9ficit zero\u201d"},"content":{"rendered":"\n<p>\u00a0governo argentino registrou\u00a0<strong>superavit fiscal prim\u00e1rio e superavit financeiro<\/strong>\u00a0no setor p\u00fablico em fevereiro, consolidando a pol\u00edtica de ajuste fiscal do presidente\u00a0<strong>Javier Milei<\/strong>\u00a0(La Libertad Avanza). O resultado refor\u00e7a a promessa de\u00a0<strong>d\u00e9ficit zero<\/strong>, pilar da estrat\u00e9gia econ\u00f4mica para equilibrar as contas do pa\u00eds.<\/p>\n\n\n\n<p>Segundo o Minist\u00e9rio da Economia, o&nbsp;<strong>superavit fiscal prim\u00e1rio<\/strong>&nbsp;foi de&nbsp;<strong>1,177 trilh\u00e3o de pesos argentinos (US$ 1,10 bilh\u00e3o)<\/strong>, equivalente a&nbsp;<strong>0,5% do PIB<\/strong>. J\u00e1 o&nbsp;<strong>superavit financeiro<\/strong>&nbsp;alcan\u00e7ou&nbsp;<strong>310,73 bilh\u00f5es de pesos (0,1% do PIB)<\/strong>.<\/p>\n\n\n\n<p>Esse \u00e9 o&nbsp;<strong>13\u00ba superavit mensal nos 14 meses completos de Milei no cargo<\/strong>, evidenciando o impacto das medidas de corte de gastos adotadas pelo governo.<\/p>\n\n\n\n<p>Desde que assumiu, Milei implementou um&nbsp;<strong>duro ajuste fiscal<\/strong>, reduzindo despesas com&nbsp;<strong>educa\u00e7\u00e3o, pens\u00f5es e programas sociais<\/strong>. As medidas ajudaram a Argentina a alcan\u00e7ar, em 2024, seu&nbsp;<strong>primeiro superavit anual em 14 anos<\/strong>.<\/p>\n\n\n\n<p>Apesar dos resultados positivos nas contas p\u00fablicas, os cortes levaram milhares de pessoas \u00e0s ruas em protestos contra a redu\u00e7\u00e3o de investimentos em setores essenciais.<\/p>\n\n\n\n<p>O ministro da Economia,&nbsp;<strong>Luis Caputo<\/strong>, comemorou o resultado e reafirmou a import\u00e2ncia da austeridade fiscal.<\/p>\n\n\n\n<p><strong>\u201cEsse resultado fortalece ainda mais o compromisso do nosso presidente Javier Milei e de toda a sua equipe de governo com a ordem fiscal. Essa \u00e9 uma \u00e2ncora fundamental do programa econ\u00f4mico e uma condi\u00e7\u00e3o necess\u00e1ria para uma economia robusta, que gere empregos de qualidade e sustente a recupera\u00e7\u00e3o dos sal\u00e1rios e da renda ao longo do tempo\u201d<\/strong>, escreveu Caputo no X.<\/p>\n","protected":false},"excerpt":{"rendered":"<p>\u00a0governo argentino registrou\u00a0superavit fiscal prim\u00e1rio e superavit financeiro\u00a0no setor p\u00fablico em fevereiro, consolidando a pol\u00edtica de ajuste fiscal do presidente\u00a0Javier Milei\u00a0(La Libertad Avanza). O resultado refor\u00e7a a promessa de\u00a0d\u00e9ficit zero, pilar da estrat\u00e9gia econ\u00f4mica para equilibrar as contas do pa\u00eds. Segundo o Minist\u00e9rio da Economia, o&nbsp;superavit fiscal prim\u00e1rio&nbsp;foi de&nbsp;1,177 trilh\u00e3o de pesos argentinos (US$ 1,10 [&hellip;]<\/p>\n","protected":false},"author":2,"featured_media":21601,"comment_status":"open","ping_status":"open","sticky":false,"template":"","format":"standard","meta":[],"categories":[12,16],"tags":[],"_links":{"self":[{"href":"https:\/\/dgospel.com.br\/portal\/index.php\/wp-json\/wp\/v2\/posts\/21600"}],"collection":[{"href":"https:\/\/dgospel.com.br\/portal\/index.php\/wp-json\/wp\/v2\/posts"}],"about":[{"href":"https:\/\/dgospel.com.br\/portal\/index.php\/wp-json\/wp\/v2\/types\/post"}],"author":[{"embeddable":true,"href":"https:\/\/dgospel.com.br\/portal\/index.php\/wp-json\/wp\/v2\/users\/2"}],"replies":[{"embeddable":true,"href":"https:\/\/dgospel.com.br\/portal\/index.php\/wp-json\/wp\/v2\/comments?post=21600"}],"version-history":[{"count":1,"href":"https:\/\/dgospel.com.br\/portal\/index.php\/wp-json\/wp\/v2\/posts\/21600\/revisions"}],"predecessor-version":[{"id":21602,"href":"https:\/\/dgospel.com.br\/portal\/index.php\/wp-json\/wp\/v2\/posts\/21600\/revisions\/21602"}],"wp:featuredmedia":[{"embeddable":true,"href":"https:\/\/dgospel.com.br\/portal\/index.php\/wp-json\/wp\/v2\/media\/21601"}],"wp:attachment":[{"href":"https:\/\/dgospel.com.br\/portal\/index.php\/wp-json\/wp\/v2\/media?parent=21600"}],"wp:term":[{"taxonomy":"category","embeddable":true,"href":"https:\/\/dgospel.com.br\/portal\/index.php\/wp-json\/wp\/v2\/categories?post=21600"},{"taxonomy":"post_tag","embeddable":true,"href":"https:\/\/dgospel.com.br\/portal\/index.php\/wp-json\/wp\/v2\/tags?post=21600"}],"curies":[{"name":"wp","href":"https:\/\/api.w.org\/{rel}","templated":true}]}}