{"id":21606,"date":"2025-03-20T16:57:09","date_gmt":"2025-03-20T19:57:09","guid":{"rendered":"https:\/\/dgospel.com.br\/portal\/?p=21606"},"modified":"2025-03-20T16:57:10","modified_gmt":"2025-03-20T19:57:10","slug":"pastores-de-todo-os-eua-se-reunem-na-casa-branca-para-orar-por-trump","status":"publish","type":"post","link":"https:\/\/dgospel.com.br\/portal\/index.php\/2025\/03\/20\/pastores-de-todo-os-eua-se-reunem-na-casa-branca-para-orar-por-trump\/","title":{"rendered":"Pastores de todo os EUA se re\u00fanem na Casa Branca para orar por Trump"},"content":{"rendered":"\n<p>L\u00edderes religiosos de diversas partes dos EUA se reuniram com o presidente&nbsp;<strong><a href=\"https:\/\/guiame.com.br\/gospel\/noticias\/trump-cria-forca-tarefa-para-combater-vies-anticristao.html\">Donald Trump<\/a><\/strong>&nbsp;no Sal\u00e3o Oval na quarta-feira (19), onde participaram de um momento de ora\u00e7\u00e3o ao lado do chefe de Estado.<\/p>\n\n\n\n<p>A Casa Branca divulgou uma foto mostrando os l\u00edderes religiosos em ora\u00e7\u00e3o ao redor de Trump, que estava sentado \u00e0 mesa presidencial.<\/p>\n\n\n\n<p>O Conselho Consultivo Nacional de F\u00e9 celebrou o encontro e declarou que o escrit\u00f3rio de f\u00e9 da Casa Branca, liderado por&nbsp;<strong><a href=\"https:\/\/guiame.com.br\/gospel\/israel\/pastores-estao-em-lista-dos-50-principais-aliados-cristaos-de-israel\">Paula White<\/a><\/strong>, trabalha diariamente para pessoas de f\u00e9.<\/p>\n\n\n\n<blockquote class=\"wp-block-quote\"><p>Faith leaders from across the country prayed over President Trump today in the Oval Office.&nbsp;<a href=\"https:\/\/twitter.com\/BasedPastorTrav?ref_src=twsrc%5Etfw\">@BasedPastorTrav<\/a>&nbsp;was one of our NFAB board members who prayed for the President in accordance to 1 Tim 2:1-4<br><br>The White House faith office led by&nbsp;<a href=\"https:\/\/twitter.com\/Paula_White?ref_src=twsrc%5Etfw\">@Paula_White<\/a>&nbsp;<a href=\"https:\/\/twitter.com\/JennySKorn?ref_src=twsrc%5Etfw\">@JennySKorn<\/a>&nbsp;are working\u2026&nbsp;<a href=\"https:\/\/t.co\/yoIAO44p22\">pic.twitter.com\/yoIAO44p22<\/a>\u2014 National Faith Advisory Board (@FaithAdvisory)&nbsp;<a href=\"https:\/\/twitter.com\/FaithAdvisory\/status\/1902437138206978454?ref_src=twsrc%5Etfw\">March 19, 2025<\/a><\/p><\/blockquote>\n\n\n\n<p>William Wolfe, diretor executivo do Centro de Lideran\u00e7a Batista, compartilhou a mesma imagem.<\/p>\n\n\n\n<p>&#8220;Foi uma honra imensa representar @BaptistLeaders e encontrar @realDonaldTrump hoje, ao lado de outros l\u00edderes crist\u00e3os, e orar por ele no Sal\u00e3o Oval&#8221;, publicou Wolfe no X. &#8220;Foi um dia extraordin\u00e1rio \u2013 guardei segredo at\u00e9 o momento, mas estou ansioso para compartilhar mais detalhes!&#8221;<\/p>\n\n\n\n<p>Robert Jeffries, pastor da Primeira Igreja Batista de Dallas, tamb\u00e9m compartilhou sua opini\u00e3o sobre a visita.<\/p>\n\n\n\n<p>&#8220;\u00c9 uma honra conduzir uma ora\u00e7\u00e3o hoje pelo nosso grande presidente @realDonaldTrump!&#8221;, publicou ele no X.<\/p>\n\n\n\n<p>David Barton, fundador da organiza\u00e7\u00e3o crist\u00e3 WallBuilders, que esteve presente com os l\u00edderes religiosos, afirmou que foi &#8220;uma honra&#8221; poder orar por Trump.<\/p>\n\n\n\n<p>Em um v\u00eddeo, Barton afirmou que Trump apoiava iniciativas e pol\u00edticas fundamentadas na f\u00e9, que &#8220;promovem a fam\u00edlia, a f\u00e9 e os valores&#8221;. A WallBuilders busca conscientizar o p\u00fablico sobre o papel essencial que a B\u00edblia desempenhou na forma\u00e7\u00e3o da na\u00e7\u00e3o.<\/p>\n\n\n\n<p>Em fevereiro, Trump emitiu uma ordem executiva para criar o Gabinete de F\u00e9 da Casa Branca, integrado ao Domestic Policy Council. A medida estabelece que o novo escrit\u00f3rio buscar\u00e1 a orienta\u00e7\u00e3o de l\u00edderes religiosos em diversos assuntos, incluindo a &#8220;defesa da&nbsp;<strong><a href=\"https:\/\/guiame.com.br\/gospel\/mundo-cristao\/franklin-graham-lanca-fundo-para-promover-liberdade-religiosa-no-reino-unido.html\">liberdade religiosa<\/a><\/strong>&#8220;.<\/p>\n\n\n\n<p>Na noite de quarta-feira, a resid\u00eancia de Trump em Mar-a-Lago, localizada em Palm Beach, Fl\u00f3rida, ser\u00e1 o palco da Gala dos Cat\u00f3licos pelos Cat\u00f3licos.<\/p>\n\n\n\n<p>Entre os palestrantes do evento estar\u00e3o o general aposentado do Ex\u00e9rcito dos EUA, Michael Flynn, e o experiente consultor pol\u00edtico, Roger Stone.<\/p>\n\n\n\n<p><a href=\"https:\/\/www.instagram.com\/p\/DHZSe2ux1OT\/?utm_source=ig_embed&amp;ig_rid=517d3f41-6f12-48b6-b314-af24a5691b71\">https:\/\/www.instagram.com\/p\/DHZSe2ux1OT\/?utm_source=ig_embed&amp;ig_rid=517d3f41-6f12-48b6-b314-af24a5691b71<\/a><\/p>\n","protected":false},"excerpt":{"rendered":"<p>L\u00edderes religiosos de diversas partes dos EUA se reuniram com o presidente&nbsp;Donald Trump&nbsp;no Sal\u00e3o Oval na quarta-feira (19), onde participaram de um momento de ora\u00e7\u00e3o ao lado do chefe de Estado. A Casa Branca divulgou uma foto mostrando os l\u00edderes religiosos em ora\u00e7\u00e3o ao redor de Trump, que estava sentado \u00e0 mesa presidencial. O Conselho [&hellip;]<\/p>\n","protected":false},"author":2,"featured_media":21607,"comment_status":"open","ping_status":"open","sticky":false,"template":"","format":"standard","meta":[],"categories":[12,16],"tags":[],"_links":{"self":[{"href":"https:\/\/dgospel.com.br\/portal\/index.php\/wp-json\/wp\/v2\/posts\/21606"}],"collection":[{"href":"https:\/\/dgospel.com.br\/portal\/index.php\/wp-json\/wp\/v2\/posts"}],"about":[{"href":"https:\/\/dgospel.com.br\/portal\/index.php\/wp-json\/wp\/v2\/types\/post"}],"author":[{"embeddable":true,"href":"https:\/\/dgospel.com.br\/portal\/index.php\/wp-json\/wp\/v2\/users\/2"}],"replies":[{"embeddable":true,"href":"https:\/\/dgospel.com.br\/portal\/index.php\/wp-json\/wp\/v2\/comments?post=21606"}],"version-history":[{"count":1,"href":"https:\/\/dgospel.com.br\/portal\/index.php\/wp-json\/wp\/v2\/posts\/21606\/revisions"}],"predecessor-version":[{"id":21608,"href":"https:\/\/dgospel.com.br\/portal\/index.php\/wp-json\/wp\/v2\/posts\/21606\/revisions\/21608"}],"wp:featuredmedia":[{"embeddable":true,"href":"https:\/\/dgospel.com.br\/portal\/index.php\/wp-json\/wp\/v2\/media\/21607"}],"wp:attachment":[{"href":"https:\/\/dgospel.com.br\/portal\/index.php\/wp-json\/wp\/v2\/media?parent=21606"}],"wp:term":[{"taxonomy":"category","embeddable":true,"href":"https:\/\/dgospel.com.br\/portal\/index.php\/wp-json\/wp\/v2\/categories?post=21606"},{"taxonomy":"post_tag","embeddable":true,"href":"https:\/\/dgospel.com.br\/portal\/index.php\/wp-json\/wp\/v2\/tags?post=21606"}],"curies":[{"name":"wp","href":"https:\/\/api.w.org\/{rel}","templated":true}]}}