{"id":21609,"date":"2025-03-22T12:45:17","date_gmt":"2025-03-22T15:45:17","guid":{"rendered":"https:\/\/dgospel.com.br\/portal\/?p=21609"},"modified":"2025-03-22T12:45:18","modified_gmt":"2025-03-22T15:45:18","slug":"rio-praticas-de-matriz-africana-agora-complementam-o-sus","status":"publish","type":"post","link":"https:\/\/dgospel.com.br\/portal\/index.php\/2025\/03\/22\/rio-praticas-de-matriz-africana-agora-complementam-o-sus\/","title":{"rendered":"Rio: Pr\u00e1ticas de matriz africana agora complementam o SUS"},"content":{"rendered":"\n<p>O munic\u00edpio do Rio de Janeiro passou a reconhecer, de forma oficial, as pr\u00e1ticas ancestrais de matrizes africanas como parte da promo\u00e7\u00e3o da sa\u00fade complementar ao SUS. A decis\u00e3o foi publicada no Di\u00e1rio Oficial, na \u00faltima quarta-feira (19).<\/p>\n\n\n\n<p>As secretarias de Meio Ambiente e Clima e Sa\u00fade disseram que trata-se de um ato de repara\u00e7\u00e3o, legitimando saberes milenares como eb\u00f3s, amacis e boris, que s\u00e3o rituais e oferendas praticados nas religi\u00f5es de matriz africana, como o candombl\u00e9 e a umbanda, al\u00e9m de banhos, ch\u00e1s e defuma\u00e7\u00f5es dentro das pol\u00edticas p\u00fablicas de sa\u00fade.<\/p>\n\n\n\n<p>A nova orienta\u00e7\u00e3o na cidade determina que prontu\u00e1rios m\u00e9dicos em Cl\u00ednicas da Fam\u00edlia e Centros de Sa\u00fade considerem estados de preceito, interdi\u00e7\u00e3o e quizila \u2013 restri\u00e7\u00f5es alimentares, de vestimenta e de contato interpessoal essenciais \u00e0s tradi\u00e7\u00f5es dessas comunidades. As informa\u00e7\u00f5es s\u00e3o do jornal O Dia.<\/p>\n","protected":false},"excerpt":{"rendered":"<p>O munic\u00edpio do Rio de Janeiro passou a reconhecer, de forma oficial, as pr\u00e1ticas ancestrais de matrizes africanas como parte da promo\u00e7\u00e3o da sa\u00fade complementar ao SUS. A decis\u00e3o foi publicada no Di\u00e1rio Oficial, na \u00faltima quarta-feira (19). As secretarias de Meio Ambiente e Clima e Sa\u00fade disseram que trata-se de um ato de repara\u00e7\u00e3o, [&hellip;]<\/p>\n","protected":false},"author":2,"featured_media":21610,"comment_status":"open","ping_status":"open","sticky":false,"template":"","format":"standard","meta":[],"categories":[10],"tags":[],"_links":{"self":[{"href":"https:\/\/dgospel.com.br\/portal\/index.php\/wp-json\/wp\/v2\/posts\/21609"}],"collection":[{"href":"https:\/\/dgospel.com.br\/portal\/index.php\/wp-json\/wp\/v2\/posts"}],"about":[{"href":"https:\/\/dgospel.com.br\/portal\/index.php\/wp-json\/wp\/v2\/types\/post"}],"author":[{"embeddable":true,"href":"https:\/\/dgospel.com.br\/portal\/index.php\/wp-json\/wp\/v2\/users\/2"}],"replies":[{"embeddable":true,"href":"https:\/\/dgospel.com.br\/portal\/index.php\/wp-json\/wp\/v2\/comments?post=21609"}],"version-history":[{"count":1,"href":"https:\/\/dgospel.com.br\/portal\/index.php\/wp-json\/wp\/v2\/posts\/21609\/revisions"}],"predecessor-version":[{"id":21611,"href":"https:\/\/dgospel.com.br\/portal\/index.php\/wp-json\/wp\/v2\/posts\/21609\/revisions\/21611"}],"wp:featuredmedia":[{"embeddable":true,"href":"https:\/\/dgospel.com.br\/portal\/index.php\/wp-json\/wp\/v2\/media\/21610"}],"wp:attachment":[{"href":"https:\/\/dgospel.com.br\/portal\/index.php\/wp-json\/wp\/v2\/media?parent=21609"}],"wp:term":[{"taxonomy":"category","embeddable":true,"href":"https:\/\/dgospel.com.br\/portal\/index.php\/wp-json\/wp\/v2\/categories?post=21609"},{"taxonomy":"post_tag","embeddable":true,"href":"https:\/\/dgospel.com.br\/portal\/index.php\/wp-json\/wp\/v2\/tags?post=21609"}],"curies":[{"name":"wp","href":"https:\/\/api.w.org\/{rel}","templated":true}]}}