{"id":21612,"date":"2025-03-24T16:44:57","date_gmt":"2025-03-24T19:44:57","guid":{"rendered":"https:\/\/dgospel.com.br\/portal\/?p=21612"},"modified":"2025-03-24T16:44:58","modified_gmt":"2025-03-24T19:44:58","slug":"stj-confirma-multa-de-r-45-mil-a-pais-que-nao-vacinarem-filhos-contra-a-covid-19","status":"publish","type":"post","link":"https:\/\/dgospel.com.br\/portal\/index.php\/2025\/03\/24\/stj-confirma-multa-de-r-45-mil-a-pais-que-nao-vacinarem-filhos-contra-a-covid-19\/","title":{"rendered":"STJ confirma multa de R$ 4,5 mil a pais que n\u00e3o vacinarem filhos contra a covid-19"},"content":{"rendered":"\n<p>O Superior Tribunal de Justi\u00e7a (STJ) manteve a aplica\u00e7\u00e3o de multa no valor de tr\u00eas sal\u00e1rios m\u00ednimos \u2014 atualmente R$ 4.554 \u2014 a um casal do Paran\u00e1 que se recusou a vacinar a filha de 11 anos contra a covid-19. A decis\u00e3o un\u00e2nime da Terceira Turma foi publicada no \u00faltimo dia 18 e confirma a penalidade imposta com base no artigo 249 do Estatuto da Crian\u00e7a e do Adolescente (ECA).<\/p>\n\n\n\n<p>A puni\u00e7\u00e3o foi determinada pela Justi\u00e7a do Paran\u00e1 ap\u00f3s o Minist\u00e9rio P\u00fablico Estadual constatar que a crian\u00e7a n\u00e3o foi imunizada, mesmo ap\u00f3s notifica\u00e7\u00e3o do Conselho Tutelar. A defesa dos pais recorreu ao STJ, argumentando que a vacina\u00e7\u00e3o contra a covid-19 n\u00e3o \u00e9 obrigat\u00f3ria, j\u00e1 que o Supremo Tribunal Federal (STF) teria apenas definido par\u00e2metros para sua exig\u00eancia, sem torn\u00e1-la compuls\u00f3ria.<\/p>\n\n\n\n<p>No entanto, a relatora do caso, ministra Nancy Andrighi, ressaltou que o ECA prev\u00ea a obrigatoriedade da vacina\u00e7\u00e3o recomendada pelas autoridades sanit\u00e1rias. Segundo ela, a recusa dos pais em imunizar a crian\u00e7a fere o direito \u00e0 sa\u00fade garantido pelo estatuto. \u201cA autonomia dos pais n\u00e3o \u00e9 absoluta\u201d, afirmou a ministra.<\/p>\n\n\n\n<p>A vacina\u00e7\u00e3o infantil contra a covid-19 passou a ser recomendada nacionalmente a partir de 2022 e, conforme entendimento consolidado pelo STF, vacinas inclu\u00eddas no Programa Nacional de Imuniza\u00e7\u00f5es (PNI) podem ser obrigat\u00f3rias por for\u00e7a de lei ou decis\u00e3o do poder p\u00fablico.<\/p>\n","protected":false},"excerpt":{"rendered":"<p>O Superior Tribunal de Justi\u00e7a (STJ) manteve a aplica\u00e7\u00e3o de multa no valor de tr\u00eas sal\u00e1rios m\u00ednimos \u2014 atualmente R$ 4.554 \u2014 a um casal do Paran\u00e1 que se recusou a vacinar a filha de 11 anos contra a covid-19. A decis\u00e3o un\u00e2nime da Terceira Turma foi publicada no \u00faltimo dia 18 e confirma a [&hellip;]<\/p>\n","protected":false},"author":2,"featured_media":21613,"comment_status":"open","ping_status":"open","sticky":false,"template":"","format":"standard","meta":[],"categories":[10],"tags":[13],"_links":{"self":[{"href":"https:\/\/dgospel.com.br\/portal\/index.php\/wp-json\/wp\/v2\/posts\/21612"}],"collection":[{"href":"https:\/\/dgospel.com.br\/portal\/index.php\/wp-json\/wp\/v2\/posts"}],"about":[{"href":"https:\/\/dgospel.com.br\/portal\/index.php\/wp-json\/wp\/v2\/types\/post"}],"author":[{"embeddable":true,"href":"https:\/\/dgospel.com.br\/portal\/index.php\/wp-json\/wp\/v2\/users\/2"}],"replies":[{"embeddable":true,"href":"https:\/\/dgospel.com.br\/portal\/index.php\/wp-json\/wp\/v2\/comments?post=21612"}],"version-history":[{"count":1,"href":"https:\/\/dgospel.com.br\/portal\/index.php\/wp-json\/wp\/v2\/posts\/21612\/revisions"}],"predecessor-version":[{"id":21614,"href":"https:\/\/dgospel.com.br\/portal\/index.php\/wp-json\/wp\/v2\/posts\/21612\/revisions\/21614"}],"wp:featuredmedia":[{"embeddable":true,"href":"https:\/\/dgospel.com.br\/portal\/index.php\/wp-json\/wp\/v2\/media\/21613"}],"wp:attachment":[{"href":"https:\/\/dgospel.com.br\/portal\/index.php\/wp-json\/wp\/v2\/media?parent=21612"}],"wp:term":[{"taxonomy":"category","embeddable":true,"href":"https:\/\/dgospel.com.br\/portal\/index.php\/wp-json\/wp\/v2\/categories?post=21612"},{"taxonomy":"post_tag","embeddable":true,"href":"https:\/\/dgospel.com.br\/portal\/index.php\/wp-json\/wp\/v2\/tags?post=21612"}],"curies":[{"name":"wp","href":"https:\/\/api.w.org\/{rel}","templated":true}]}}