{"id":21615,"date":"2025-03-24T16:53:33","date_gmt":"2025-03-24T19:53:33","guid":{"rendered":"https:\/\/dgospel.com.br\/portal\/?p=21615"},"modified":"2025-03-24T16:53:35","modified_gmt":"2025-03-24T19:53:35","slug":"camara-de-curitiba-rejeita-mocao-de-aplausos-ao-governo-lula-com-ampla-maioria-de-votos","status":"publish","type":"post","link":"https:\/\/dgospel.com.br\/portal\/index.php\/2025\/03\/24\/camara-de-curitiba-rejeita-mocao-de-aplausos-ao-governo-lula-com-ampla-maioria-de-votos\/","title":{"rendered":"C\u00e2mara de Curitiba rejeita mo\u00e7\u00e3o de aplausos ao governo Lula com ampla maioria de votos"},"content":{"rendered":"\n<p>A C\u00e2mara Municipal de Curitiba rejeitou, nesta segunda-feira (18), uma mo\u00e7\u00e3o de aplausos ao governo do presidente Luiz In\u00e1cio Lula da Silva (PT). A proposta foi derrotada por uma ampla maioria: 17 vereadores votaram contra, enquanto apenas 3 manifestaram apoio \u00e0 iniciativa.<\/p>\n\n\n\n<p>A proposta de mo\u00e7\u00e3o foi apresentada em homenagem ao atual governo federal, mas n\u00e3o encontrou respaldo suficiente entre os parlamentares curitibanos. A vota\u00e7\u00e3o reflete o cen\u00e1rio pol\u00edtico da capital paranaense, onde h\u00e1 forte presen\u00e7a de representantes da direita e oposi\u00e7\u00e3o ao Partido dos Trabalhadores (PT).<\/p>\n\n\n\n<p>Nas redes sociais, o vereador Eder Borges (PL), conhecido por seu posicionamento cr\u00edtico ao governo Lula, comemorou o resultado: \u201cEm Curitiba n\u00e3o! A mo\u00e7\u00e3o de aplausos ao Lula foi derrotada por 17 votos contr\u00e1rios e apenas 3 votos a favor\u201d, escreveu ele.<\/p>\n\n\n\n<p>A decis\u00e3o evidencia a polariza\u00e7\u00e3o pol\u00edtica existente no pa\u00eds, mesmo em a\u00e7\u00f5es simb\u00f3licas como mo\u00e7\u00f5es de aplauso, que n\u00e3o t\u00eam efeito pr\u00e1tico, mas representam posicionamentos pol\u00edticos e ideol\u00f3gicos dos legisladores.<\/p>\n\n\n\n<p>https:\/\/www.instagram.com\/p\/DHliBkBMEXJ\/?utm_source=ig_embed&amp;utm_campaign=loading<a rel=\"noreferrer noopener\" href=\"https:\/\/www.instagram.com\/p\/DHliBkBMEXJ\/?utm_source=ig_embed&amp;utm_campaign=loading\" target=\"_blank\"><\/a><\/p>\n","protected":false},"excerpt":{"rendered":"<p>A C\u00e2mara Municipal de Curitiba rejeitou, nesta segunda-feira (18), uma mo\u00e7\u00e3o de aplausos ao governo do presidente Luiz In\u00e1cio Lula da Silva (PT). A proposta foi derrotada por uma ampla maioria: 17 vereadores votaram contra, enquanto apenas 3 manifestaram apoio \u00e0 iniciativa. A proposta de mo\u00e7\u00e3o foi apresentada em homenagem ao atual governo federal, mas [&hellip;]<\/p>\n","protected":false},"author":2,"featured_media":21616,"comment_status":"open","ping_status":"open","sticky":false,"template":"","format":"standard","meta":[],"categories":[4],"tags":[13],"_links":{"self":[{"href":"https:\/\/dgospel.com.br\/portal\/index.php\/wp-json\/wp\/v2\/posts\/21615"}],"collection":[{"href":"https:\/\/dgospel.com.br\/portal\/index.php\/wp-json\/wp\/v2\/posts"}],"about":[{"href":"https:\/\/dgospel.com.br\/portal\/index.php\/wp-json\/wp\/v2\/types\/post"}],"author":[{"embeddable":true,"href":"https:\/\/dgospel.com.br\/portal\/index.php\/wp-json\/wp\/v2\/users\/2"}],"replies":[{"embeddable":true,"href":"https:\/\/dgospel.com.br\/portal\/index.php\/wp-json\/wp\/v2\/comments?post=21615"}],"version-history":[{"count":1,"href":"https:\/\/dgospel.com.br\/portal\/index.php\/wp-json\/wp\/v2\/posts\/21615\/revisions"}],"predecessor-version":[{"id":21617,"href":"https:\/\/dgospel.com.br\/portal\/index.php\/wp-json\/wp\/v2\/posts\/21615\/revisions\/21617"}],"wp:featuredmedia":[{"embeddable":true,"href":"https:\/\/dgospel.com.br\/portal\/index.php\/wp-json\/wp\/v2\/media\/21616"}],"wp:attachment":[{"href":"https:\/\/dgospel.com.br\/portal\/index.php\/wp-json\/wp\/v2\/media?parent=21615"}],"wp:term":[{"taxonomy":"category","embeddable":true,"href":"https:\/\/dgospel.com.br\/portal\/index.php\/wp-json\/wp\/v2\/categories?post=21615"},{"taxonomy":"post_tag","embeddable":true,"href":"https:\/\/dgospel.com.br\/portal\/index.php\/wp-json\/wp\/v2\/tags?post=21615"}],"curies":[{"name":"wp","href":"https:\/\/api.w.org\/{rel}","templated":true}]}}