{"id":2162,"date":"2018-12-27T10:41:30","date_gmt":"2018-12-27T12:41:30","guid":{"rendered":"http:\/\/dgospel.com.br\/portal\/?p=2162"},"modified":"2018-12-27T10:41:30","modified_gmt":"2018-12-27T12:41:30","slug":"a-biblia-e-meu-livro-de-cabeceira-diz-gabriel-medina","status":"publish","type":"post","link":"https:\/\/dgospel.com.br\/portal\/index.php\/2018\/12\/27\/a-biblia-e-meu-livro-de-cabeceira-diz-gabriel-medina\/","title":{"rendered":"A B\u00edblia \u00e9 meu livro de cabeceira, diz Gabriel Medina"},"content":{"rendered":"<p>N\u00e3o \u00e9 novidade que o surfista brasileiro\u00a0<a href=\"https:\/\/guiame.com.br\/gospel\/noticias\/para-nao-temer-tubaroes-no-mar-medina-apela-para-fe-o-negocio-e-acreditar-em-deus.html\"><strong>Gabriel Medina \u00e9 um jovem de f\u00e9<\/strong><\/a>. Em entrevista ao Estad\u00e3o no dia de Natal, disse que a B\u00edblia \u00e9 o seu livro de cabeceira. Crist\u00e3o da igreja Bola de Neve no litoral paulista, o\u00a0<a href=\"https:\/\/guiame.com.br\/gospel\/noticias\/gabriel-medina-glorifica-deus-apos-ser-bicampeao-de-surfe-honra-e-gloria-ti.html\"><strong>bicampe\u00e3o mundial do Circuito Mundial de Surfe (WTC)<\/strong><\/a>, t\u00edtulo conquistado no \u00faltimo dia 17 em Pipeline, no Hava\u00ed, fez um balan\u00e7o de 2018 e falou de suas expectativas para 2019.<\/p>\n<p>Medina respondeu a perguntas que v\u00e3o de pol\u00edtica a sonho pessoal de consumo. Sobre o futuro do Brasil espera que haja mais aten\u00e7\u00e3o com a Educa\u00e7\u00e3o e \u201cum pa\u00eds menos violento e corrupto\u201d. Como sonho de consumo Medina disse desejar ter \u201cum barco legal para passear com a fam\u00edlia e amigos\u201d.<\/p>\n<p>Na entrevista o jovem destacou sua fam\u00edlia e o surfe. Medina falou que tem os pais como exemplos de vida \u2013 o padrasto Charles Saldanha \u00e9 seu treinador e Simone Medina \u00e9 sua intercessora, a m\u00e3e que ora a Deus pelo filho. Com rela\u00e7\u00e3o ao esporte que o levou a sagrar-se bicampe\u00e3o mundial, disse desejar que o surfe o ajude a mostrar \u00e0queles \u201cque est\u00e3o do lado menos favor\u00e1vel que acreditem em seus sonhos\u201d.<\/p>\n","protected":false},"excerpt":{"rendered":"<p>N\u00e3o \u00e9 novidade que o surfista brasileiro\u00a0Gabriel Medina \u00e9 um jovem de f\u00e9. Em entrevista ao Estad\u00e3o no dia de Natal, disse que a B\u00edblia \u00e9 o seu livro de cabeceira. Crist\u00e3o da igreja Bola de Neve no litoral paulista, o\u00a0bicampe\u00e3o mundial do Circuito Mundial de Surfe (WTC), t\u00edtulo conquistado no \u00faltimo dia 17 em [&hellip;]<\/p>\n","protected":false},"author":2,"featured_media":2163,"comment_status":"open","ping_status":"open","sticky":false,"template":"","format":"standard","meta":[],"categories":[2,5],"tags":[],"_links":{"self":[{"href":"https:\/\/dgospel.com.br\/portal\/index.php\/wp-json\/wp\/v2\/posts\/2162"}],"collection":[{"href":"https:\/\/dgospel.com.br\/portal\/index.php\/wp-json\/wp\/v2\/posts"}],"about":[{"href":"https:\/\/dgospel.com.br\/portal\/index.php\/wp-json\/wp\/v2\/types\/post"}],"author":[{"embeddable":true,"href":"https:\/\/dgospel.com.br\/portal\/index.php\/wp-json\/wp\/v2\/users\/2"}],"replies":[{"embeddable":true,"href":"https:\/\/dgospel.com.br\/portal\/index.php\/wp-json\/wp\/v2\/comments?post=2162"}],"version-history":[{"count":1,"href":"https:\/\/dgospel.com.br\/portal\/index.php\/wp-json\/wp\/v2\/posts\/2162\/revisions"}],"predecessor-version":[{"id":2164,"href":"https:\/\/dgospel.com.br\/portal\/index.php\/wp-json\/wp\/v2\/posts\/2162\/revisions\/2164"}],"wp:featuredmedia":[{"embeddable":true,"href":"https:\/\/dgospel.com.br\/portal\/index.php\/wp-json\/wp\/v2\/media\/2163"}],"wp:attachment":[{"href":"https:\/\/dgospel.com.br\/portal\/index.php\/wp-json\/wp\/v2\/media?parent=2162"}],"wp:term":[{"taxonomy":"category","embeddable":true,"href":"https:\/\/dgospel.com.br\/portal\/index.php\/wp-json\/wp\/v2\/categories?post=2162"},{"taxonomy":"post_tag","embeddable":true,"href":"https:\/\/dgospel.com.br\/portal\/index.php\/wp-json\/wp\/v2\/tags?post=2162"}],"curies":[{"name":"wp","href":"https:\/\/api.w.org\/{rel}","templated":true}]}}