{"id":21632,"date":"2025-03-30T17:47:32","date_gmt":"2025-03-30T20:47:32","guid":{"rendered":"https:\/\/dgospel.com.br\/portal\/?p=21632"},"modified":"2025-03-30T17:47:33","modified_gmt":"2025-03-30T20:47:33","slug":"jantar-sela-velhas-amizades-e-fortalece-caminho-de-amelio-cayres-rumo-a-2026","status":"publish","type":"post","link":"https:\/\/dgospel.com.br\/portal\/index.php\/2025\/03\/30\/jantar-sela-velhas-amizades-e-fortalece-caminho-de-amelio-cayres-rumo-a-2026\/","title":{"rendered":"Jantar sela velhas amizades e fortalece caminho de Am\u00e9lio Cayres rumo a 2026"},"content":{"rendered":"\n<p>No \u00faltimo s\u00e1bado, 29 de mar\u00e7o, o deputado estadual Vilmar de Oliveira abriu as portas de sua casa para mais um jantar, onde o prato principal servido foi articula\u00e7\u00f5es para sucess\u00e3o estadual do pr\u00f3ximo ano.<\/p>\n\n\n\n<p>Vilmar reuniu dois grandes amigos de longa data: o senador e presidente interino do Senado, Eduardo Gomes, e o presidente da Assembleia Legislativa do Tocantins, Am\u00e9lio Cayres. O clima era de descontra\u00e7\u00e3o e celebra\u00e7\u00e3o, com conversas animadas e muitas lembran\u00e7as compartilhadas.<\/p>\n\n\n\n<p>A reafirma\u00e7\u00e3o da amizade que une os tr\u00eas pol\u00edticos h\u00e1 mais de tr\u00eas d\u00e9cadas foi um dos temas da noite. Em meio a risadas e hist\u00f3rias do passado, eles enfatizaram a import\u00e2ncia de cultivar la\u00e7os verdadeiros no meio pol\u00edtico. &#8220;As amizades que constru\u00edmos ao longo da vida s\u00e3o o nosso maior tesouro&#8221;, comentou Am\u00e9lio.<\/p>\n\n\n\n<p>Em um ambiente leve e descontra\u00eddo, os tr\u00eas amigos puderam reviver o passado, fortalecer os la\u00e7os e renovar o compromisso de seguir trabalhando juntos pelo bem do Tocantins. Afinal, como disse Eduardo Gomes, &#8220;a pol\u00edtica \u00e9 feita de pessoas, e as amizades verdadeiras s\u00e3o a base de tudo&#8221;.<\/p>\n\n\n\n<p>Am\u00e9lio relembrou os tempos em que Vilmar era apenas gerente de banco e Eduardo, um jovem assessor do deputado Everaldo Barros. Lembran\u00e7as compartilhadas e que mostram a solidez da amizade que os une.<\/p>\n\n\n\n<p>Vilmar se disse honrado em ter o senador em sua resid\u00eancia ao lado do presidente da Assembleia. \u201cIsso nos alegra muito em saber que temos amigos que tem feito muito pelo nosso Estado para um simples jantar na nossa humilde resid\u00eancia, s\u00f3 alegria\u201d, refor\u00e7ou.<\/p>\n\n\n\n<p><strong>Grata surpresa<\/strong><\/p>\n\n\n\n<p>Am\u00e9lio, que at\u00e9 pouco tempo era conhecido principalmente em sua regi\u00e3o, tem surpreendido a todos com sua atua\u00e7\u00e3o como presidente da Assembleia Legislativa. Sua habilidade em conciliar diferentes interesses e sua postura colaborativa o transformaram em um l\u00edder respeitado e admirado. &#8220;O Am\u00e9lio \u00e9 um cara que sabe ouvir e construir pontes&#8221;, elogiou Vilmar.<\/p>\n\n\n\n<p>A lideran\u00e7a de Am\u00e9lio tem chamado a aten\u00e7\u00e3o at\u00e9 mesmo do governador Wanderlei Barbosa, que o v\u00ea como um parceiro confi\u00e1vel e um poss\u00edvel sucessor. &#8220;O Am\u00e9lio \u00e9 um l\u00edder que n\u00e3o toma decis\u00f5es sozinho, ele sempre consulta seus aliados&#8221;, destacou um dos presentes.<\/p>\n\n\n\n<p>O jantar de s\u00e1bado foi, acima de tudo, uma celebra\u00e7\u00e3o da amizade e das parcerias constru\u00eddas ao longo dos anos.<\/p>\n","protected":false},"excerpt":{"rendered":"<p>No \u00faltimo s\u00e1bado, 29 de mar\u00e7o, o deputado estadual Vilmar de Oliveira abriu as portas de sua casa para mais um jantar, onde o prato principal servido foi articula\u00e7\u00f5es para sucess\u00e3o estadual do pr\u00f3ximo ano. Vilmar reuniu dois grandes amigos de longa data: o senador e presidente interino do Senado, Eduardo Gomes, e o presidente [&hellip;]<\/p>\n","protected":false},"author":2,"featured_media":21634,"comment_status":"open","ping_status":"open","sticky":false,"template":"","format":"standard","meta":[],"categories":[4],"tags":[13],"_links":{"self":[{"href":"https:\/\/dgospel.com.br\/portal\/index.php\/wp-json\/wp\/v2\/posts\/21632"}],"collection":[{"href":"https:\/\/dgospel.com.br\/portal\/index.php\/wp-json\/wp\/v2\/posts"}],"about":[{"href":"https:\/\/dgospel.com.br\/portal\/index.php\/wp-json\/wp\/v2\/types\/post"}],"author":[{"embeddable":true,"href":"https:\/\/dgospel.com.br\/portal\/index.php\/wp-json\/wp\/v2\/users\/2"}],"replies":[{"embeddable":true,"href":"https:\/\/dgospel.com.br\/portal\/index.php\/wp-json\/wp\/v2\/comments?post=21632"}],"version-history":[{"count":1,"href":"https:\/\/dgospel.com.br\/portal\/index.php\/wp-json\/wp\/v2\/posts\/21632\/revisions"}],"predecessor-version":[{"id":21635,"href":"https:\/\/dgospel.com.br\/portal\/index.php\/wp-json\/wp\/v2\/posts\/21632\/revisions\/21635"}],"wp:featuredmedia":[{"embeddable":true,"href":"https:\/\/dgospel.com.br\/portal\/index.php\/wp-json\/wp\/v2\/media\/21634"}],"wp:attachment":[{"href":"https:\/\/dgospel.com.br\/portal\/index.php\/wp-json\/wp\/v2\/media?parent=21632"}],"wp:term":[{"taxonomy":"category","embeddable":true,"href":"https:\/\/dgospel.com.br\/portal\/index.php\/wp-json\/wp\/v2\/categories?post=21632"},{"taxonomy":"post_tag","embeddable":true,"href":"https:\/\/dgospel.com.br\/portal\/index.php\/wp-json\/wp\/v2\/tags?post=21632"}],"curies":[{"name":"wp","href":"https:\/\/api.w.org\/{rel}","templated":true}]}}