{"id":21636,"date":"2025-03-31T12:14:59","date_gmt":"2025-03-31T15:14:59","guid":{"rendered":"https:\/\/dgospel.com.br\/portal\/?p=21636"},"modified":"2025-03-31T12:15:00","modified_gmt":"2025-03-31T15:15:00","slug":"esvaziado-ato-contra-anistia-reune-55-mil-pessoas-veja-fotos","status":"publish","type":"post","link":"https:\/\/dgospel.com.br\/portal\/index.php\/2025\/03\/31\/esvaziado-ato-contra-anistia-reune-55-mil-pessoas-veja-fotos\/","title":{"rendered":"Esvaziado, ato contra anistia re\u00fane 5,5 mil pessoas. Veja fotos!"},"content":{"rendered":"\n<p>Manifestantes de esquerda realizaram neste domingo (30) atos dispersos pelo pa\u00eds contra a anistia dos presos do 8 de janeiro e a favor da pris\u00e3o do ex-presidente Jair Bolsonaro (PL).<\/p>\n\n\n\n<p>As mobiliza\u00e7\u00f5es, que foram marcadas por baixa ades\u00e3o, foram convocadas pelo deputado federal Guilherme Boulos (PSOL-SP) e pelos movimentos sociais Povo Sem Medo e Brasil Popular.<\/p>\n\n\n\n<p>A concentra\u00e7\u00e3o principal aconteceu na Avenida Paulista, em S\u00e3o Paulo, onde o parlamentar do PSOL esteve. Segundo estimativa do portal Poder360, a mobiliza\u00e7\u00e3o reuniu cerca de 5,5 mil pessoas.<\/p>\n\n\n\n<figure class=\"wp-block-image\"><img src=\"https:\/\/static.cdn.pleno.news\/2025\/03\/b804018c9a20c54ba244eb9de7a945d9a8a5c887w-768x1152.jpg\" alt=\"Manifesta\u00e7\u00f5es da esquerda contra Jair Bolsonaro e anistia\" title=\"Manifesta\u00e7\u00f5es da esquerda contra Jair Bolsonaro e anistia\"\/><figcaption>Manifesta\u00e7\u00f5es da esquerda contra Jair Bolsonaro e anistia&nbsp;\/ Foto: EFE\/ Isaac Fontana<\/figcaption><\/figure>\n\n\n\n<figure class=\"wp-block-image\"><img src=\"https:\/\/static.cdn.pleno.news\/2025\/03\/6f8ec6d07751cb623d466163415372783acaa25aw-768x512.jpg\" alt=\"Manifesta\u00e7\u00f5es da esquerda contra Jair Bolsonaro e anistia\" title=\"Manifesta\u00e7\u00f5es da esquerda contra Jair Bolsonaro e anistia\"\/><figcaption>Manifesta\u00e7\u00f5es da esquerda contra Jair Bolsonaro e anistia&nbsp;\/ Foto: EFE\/ Isaac Fontana<\/figcaption><\/figure>\n\n\n\n<figure class=\"wp-block-image\"><img src=\"https:\/\/static.cdn.pleno.news\/2025\/03\/46c17f5f8796245888fc1295ec860b87ff80e4d5w-768x512.jpg\" alt=\"Manifesta\u00e7\u00f5es da esquerda contra Jair Bolsonaro e anistia\" title=\"Manifesta\u00e7\u00f5es da esquerda contra Jair Bolsonaro e anistia\"\/><figcaption>Manifesta\u00e7\u00f5es da esquerda contra Jair Bolsonaro e anistia&nbsp;\/ Foto: EFE\/ Isaac Fontana<\/figcaption><\/figure>\n\n\n\n<figure class=\"wp-block-image\"><img src=\"https:\/\/static.cdn.pleno.news\/2025\/03\/ff2c4b0181501d3f560ead866f482ae1472a21d2w-768x512.jpg\" alt=\"Manifesta\u00e7\u00f5es da esquerda contra Jair Bolsonaro e anistia\" title=\"Manifesta\u00e7\u00f5es da esquerda contra Jair Bolsonaro e anistia\"\/><figcaption>Manifesta\u00e7\u00f5es da esquerda contra Jair Bolsonaro e anistia&nbsp;\/ Foto: EFE\/ Isaac Fontana<\/figcaption><\/figure>\n\n\n\n<figure class=\"wp-block-image\"><img src=\"https:\/\/static.cdn.pleno.news\/2025\/03\/b83eaed0e3445ebc50ece730413cf40f1d1375dbw-768x512.jpg\" alt=\"Manifesta\u00e7\u00f5es da esquerda contra Jair Bolsonaro e anistia\" title=\"Manifesta\u00e7\u00f5es da esquerda contra Jair Bolsonaro e anistia\"\/><figcaption>Manifesta\u00e7\u00f5es da esquerda contra Jair Bolsonaro e anistia&nbsp;\/ Foto: EFE\/ Isaac Fontana<\/figcaption><\/figure>\n\n\n\n<figure class=\"wp-block-image\"><img src=\"https:\/\/static.cdn.pleno.news\/2025\/03\/c97c15fcd68303edc5f1c13ce458a507df1a6acdw-768x512.jpg\" alt=\"Manifesta\u00e7\u00f5es da esquerda contra Jair Bolsonaro e anistia\" title=\"Manifesta\u00e7\u00f5es da esquerda contra Jair Bolsonaro e anistia\"\/><figcaption>Manifesta\u00e7\u00f5es da esquerda contra Jair Bolsonaro e anistia&nbsp;\/ Foto: EFE\/ Isaac Fontana<\/figcaption><\/figure>\n\n\n\n<figure class=\"wp-block-image\"><img src=\"https:\/\/static.cdn.pleno.news\/2025\/03\/8c49a9c6a01a5a66237b33707de025745ef5bec5w-768x512.jpg\" alt=\"Manifesta\u00e7\u00f5es da esquerda contra Jair Bolsonaro e anistia\" title=\"Manifesta\u00e7\u00f5es da esquerda contra Jair Bolsonaro e anistia\"\/><figcaption>Manifesta\u00e7\u00f5es da esquerda contra Jair Bolsonaro e anistia&nbsp;\/ Foto: EFE\/ Isaac Fontana<\/figcaption><\/figure>\n\n\n\n<figure class=\"wp-block-image\"><img src=\"https:\/\/static.cdn.pleno.news\/2025\/03\/a9bb1c8ef3e23704b205b7393c43a46b5c2b9665w-768x512.jpg\" alt=\"Cientos de brasile\u00f1os exigen encarcelar a Bolsonaro y tumbar el proyecto de amnist\u00eda\" title=\"Cientos de brasile\u00f1os exigen encarcelar a Bolsonaro y tumbar el proyecto de amnist\u00eda\"\/><figcaption>Manifesta\u00e7\u00f5es da esquerda contra Jair Bolsonaro e anistia&nbsp;\/ Foto: EFE\/ Isaac Fontana<\/figcaption><\/figure>\n\n\n\n<figure class=\"wp-block-image\"><img src=\"https:\/\/static.cdn.pleno.news\/2025\/03\/pint6924-768x576.png\" alt=\"Manifesta\u00e7\u00f5es da esquerda contra Jair Bolsonaro e anistia\" title=\"Manifesta\u00e7\u00f5es da esquerda contra Jair Bolsonaro e anistia\"\/><figcaption>Manifesta\u00e7\u00f5es da esquerda contra Jair Bolsonaro e anistia&nbsp;\/ Foto: Paulo Pinto\/Ag\u00eancia Brasil<\/figcaption><\/figure>\n\n\n\n<figure class=\"wp-block-image\"><img src=\"https:\/\/static.cdn.pleno.news\/2025\/03\/pint6874-768x576.png\" alt=\"Manifesta\u00e7\u00f5es da esquerda contra Jair Bolsonaro e anistia\" title=\"Manifesta\u00e7\u00f5es da esquerda contra Jair Bolsonaro e anistia\"\/><figcaption>Manifesta\u00e7\u00f5es da esquerda contra Jair Bolsonaro e anistia&nbsp;\/ Foto: Paulo Pinto\/Ag\u00eancia Brasil<\/figcaption><\/figure>\n\n\n\n<figure class=\"wp-block-image\"><img src=\"https:\/\/static.cdn.pleno.news\/2025\/03\/pint6793-768x576.png\" alt=\"Manifesta\u00e7\u00f5es da esquerda contra Jair Bolsonaro e anistia\" title=\"Manifesta\u00e7\u00f5es da esquerda contra Jair Bolsonaro e anistia\"\/><figcaption>Manifesta\u00e7\u00f5es da esquerda contra Jair Bolsonaro e anistia&nbsp;\/ Foto: Paulo Pinto\/Ag\u00eancia Brasil<\/figcaption><\/figure>\n\n\n\n<figure class=\"wp-block-image\"><img src=\"https:\/\/static.cdn.pleno.news\/2025\/03\/pint6890-768x576.png\" alt=\"Manifesta\u00e7\u00f5es da esquerda contra Jair Bolsonaro e anistia\" title=\"Manifesta\u00e7\u00f5es da esquerda contra Jair Bolsonaro e anistia\"\/><figcaption>Manifesta\u00e7\u00f5es da esquerda contra Jair Bolsonaro e anistia&nbsp;\/ Foto: Paulo Pinto\/Ag\u00eancia Brasil<\/figcaption><\/figure>\n\n\n\n<figure class=\"wp-block-image\"><img src=\"https:\/\/static.cdn.pleno.news\/2025\/03\/pint6871-768x576.png\" alt=\"Manifesta\u00e7\u00f5es da esquerda contra Jair Bolsonaro e anistia\" title=\"Manifesta\u00e7\u00f5es da esquerda contra Jair Bolsonaro e anistia\"\/><figcaption>Manifesta\u00e7\u00f5es da esquerda contra Jair Bolsonaro e anistia&nbsp;\/ Foto: Paulo Pinto\/Ag\u00eancia Brasil<\/figcaption><\/figure>\n\n\n\n<ul><li>1&nbsp;de 13<\/li><\/ul>\n\n\n\n<p>\u2013 O mundo gira e n\u00f3s ainda vamos ter oportunidade de pegar a Comiss\u00e3o de Direitos Humanos da C\u00e2mara e levar a marmita da Cozinha Solid\u00e1ria para ele l\u00e1 na Papuda \u2013 disse Boulos na ocasi\u00e3o.<\/p>\n\n\n\n<p>Figuras pr\u00f3ximas do governo Lula (PT) evitaram comparecer \u00e0 manifesta\u00e7\u00e3o temendo que a baixa mobiliza\u00e7\u00e3o afetasse a figura do presidente.<\/p>\n\n\n\n<p>A direita se prepara para fazer um ato em favor da anistia no pr\u00f3ximo domingo (6), tamb\u00e9m na Avenida Paulista.<\/p>\n","protected":false},"excerpt":{"rendered":"<p>Manifestantes de esquerda realizaram neste domingo (30) atos dispersos pelo pa\u00eds contra a anistia dos presos do 8 de janeiro e a favor da pris\u00e3o do ex-presidente Jair Bolsonaro (PL). As mobiliza\u00e7\u00f5es, que foram marcadas por baixa ades\u00e3o, foram convocadas pelo deputado federal Guilherme Boulos (PSOL-SP) e pelos movimentos sociais Povo Sem Medo e Brasil [&hellip;]<\/p>\n","protected":false},"author":2,"featured_media":21637,"comment_status":"open","ping_status":"open","sticky":false,"template":"","format":"standard","meta":[],"categories":[10],"tags":[],"_links":{"self":[{"href":"https:\/\/dgospel.com.br\/portal\/index.php\/wp-json\/wp\/v2\/posts\/21636"}],"collection":[{"href":"https:\/\/dgospel.com.br\/portal\/index.php\/wp-json\/wp\/v2\/posts"}],"about":[{"href":"https:\/\/dgospel.com.br\/portal\/index.php\/wp-json\/wp\/v2\/types\/post"}],"author":[{"embeddable":true,"href":"https:\/\/dgospel.com.br\/portal\/index.php\/wp-json\/wp\/v2\/users\/2"}],"replies":[{"embeddable":true,"href":"https:\/\/dgospel.com.br\/portal\/index.php\/wp-json\/wp\/v2\/comments?post=21636"}],"version-history":[{"count":1,"href":"https:\/\/dgospel.com.br\/portal\/index.php\/wp-json\/wp\/v2\/posts\/21636\/revisions"}],"predecessor-version":[{"id":21638,"href":"https:\/\/dgospel.com.br\/portal\/index.php\/wp-json\/wp\/v2\/posts\/21636\/revisions\/21638"}],"wp:featuredmedia":[{"embeddable":true,"href":"https:\/\/dgospel.com.br\/portal\/index.php\/wp-json\/wp\/v2\/media\/21637"}],"wp:attachment":[{"href":"https:\/\/dgospel.com.br\/portal\/index.php\/wp-json\/wp\/v2\/media?parent=21636"}],"wp:term":[{"taxonomy":"category","embeddable":true,"href":"https:\/\/dgospel.com.br\/portal\/index.php\/wp-json\/wp\/v2\/categories?post=21636"},{"taxonomy":"post_tag","embeddable":true,"href":"https:\/\/dgospel.com.br\/portal\/index.php\/wp-json\/wp\/v2\/tags?post=21636"}],"curies":[{"name":"wp","href":"https:\/\/api.w.org\/{rel}","templated":true}]}}