{"id":21639,"date":"2025-03-31T12:18:39","date_gmt":"2025-03-31T15:18:39","guid":{"rendered":"https:\/\/dgospel.com.br\/portal\/?p=21639"},"modified":"2025-03-31T12:18:40","modified_gmt":"2025-03-31T15:18:40","slug":"pesquisa-gerp-bolsonaro-tem-41-contra-26-de-lula-em-2026","status":"publish","type":"post","link":"https:\/\/dgospel.com.br\/portal\/index.php\/2025\/03\/31\/pesquisa-gerp-bolsonaro-tem-41-contra-26-de-lula-em-2026\/","title":{"rendered":"Pesquisa Gerp: Bolsonaro tem 41% contra 26% de Lula em 2026"},"content":{"rendered":"\n<p>Divulgada neste s\u00e1bado (29), uma pesquisa do Instituto Gerp apontou que o ex-presidente Jair Bolsonaro (PL) lidera as inten\u00e7\u00f5es de voto das elei\u00e7\u00f5es presidenciais de 2026. O levantamento mostra o l\u00edder conservador com 41%, e o seu principal advers\u00e1rio, Luiz In\u00e1cio Lula da Silva (PT) com 26%.<\/p>\n\n\n\n<p>Neste cen\u00e1rio, Ciro Gomes (PDT) e o governador do Paran\u00e1 Ratinho Jr (PSD) aparecem em terceiro e quarto lugares, respectivamente, ambos com 5%.<\/p>\n\n\n\n<p>Pablo Mar\u00e7al (PRTB) vem logo em seguida, com 4%, pouco \u00e0 frente do governador de Minas Gerais, Romeu Zema (Novo) 3% e do governador de Goi\u00e1s, Ronaldo Caiado (Uni\u00e3o Brasil) com 3%. Dos entrevistados, 7% optaram por n\u00e3o escolher nenhum deles, enquanto outros 7% n\u00e3o souberam responder.<\/p>\n\n\n\n<p>Tendo em vista que o Bolsonaro se encontra ineleg\u00edvel por decis\u00e3o do Tribunal Superior Eleitoral (TSE) e ainda busca reaver seus direitos pol\u00edticos, a pesquisa tamb\u00e9m considerou cen\u00e1rios sem o l\u00edder conservador.<\/p>\n\n\n\n<p>No segundo cen\u00e1rio, o governador de S\u00e3o Paulo, Tarc\u00edsio de Freitas (Republicanos), aparece como o nome substituto. Nele, Lula aparece em primeiro lugar com 24%, enquanto o republicano tem 18%.<\/p>\n\n\n\n<p>Em um terceiro cen\u00e1rio, no qual Bolsonaro seria representando por seu filho, o deputado licenciado Eduardo Bolsonaro (PL-SP), Lula volta a figurar em primeiro lugar com 24%, enquanto o parlamentar surge com 19%.<\/p>\n\n\n\n<p>Em cen\u00e1rio sem Lula e Bolsonaro, Tarc\u00edsio aparece no topo com 18%, Ciro Gomes com 17% e Pablo Mar\u00e7al com 13%.<\/p>\n\n\n\n<p>Paga com recursos pr\u00f3prios, a pesquisa foi conduzida entre os dias 22 e 27 mar\u00e7o, tendo entrevistado 2 mil pessoas. A margem de erro \u00e9 de 2,24% para mais ou para menos.<\/p>\n","protected":false},"excerpt":{"rendered":"<p>Divulgada neste s\u00e1bado (29), uma pesquisa do Instituto Gerp apontou que o ex-presidente Jair Bolsonaro (PL) lidera as inten\u00e7\u00f5es de voto das elei\u00e7\u00f5es presidenciais de 2026. O levantamento mostra o l\u00edder conservador com 41%, e o seu principal advers\u00e1rio, Luiz In\u00e1cio Lula da Silva (PT) com 26%. Neste cen\u00e1rio, Ciro Gomes (PDT) e o governador [&hellip;]<\/p>\n","protected":false},"author":2,"featured_media":21640,"comment_status":"open","ping_status":"open","sticky":false,"template":"","format":"standard","meta":[],"categories":[4],"tags":[],"_links":{"self":[{"href":"https:\/\/dgospel.com.br\/portal\/index.php\/wp-json\/wp\/v2\/posts\/21639"}],"collection":[{"href":"https:\/\/dgospel.com.br\/portal\/index.php\/wp-json\/wp\/v2\/posts"}],"about":[{"href":"https:\/\/dgospel.com.br\/portal\/index.php\/wp-json\/wp\/v2\/types\/post"}],"author":[{"embeddable":true,"href":"https:\/\/dgospel.com.br\/portal\/index.php\/wp-json\/wp\/v2\/users\/2"}],"replies":[{"embeddable":true,"href":"https:\/\/dgospel.com.br\/portal\/index.php\/wp-json\/wp\/v2\/comments?post=21639"}],"version-history":[{"count":1,"href":"https:\/\/dgospel.com.br\/portal\/index.php\/wp-json\/wp\/v2\/posts\/21639\/revisions"}],"predecessor-version":[{"id":21641,"href":"https:\/\/dgospel.com.br\/portal\/index.php\/wp-json\/wp\/v2\/posts\/21639\/revisions\/21641"}],"wp:featuredmedia":[{"embeddable":true,"href":"https:\/\/dgospel.com.br\/portal\/index.php\/wp-json\/wp\/v2\/media\/21640"}],"wp:attachment":[{"href":"https:\/\/dgospel.com.br\/portal\/index.php\/wp-json\/wp\/v2\/media?parent=21639"}],"wp:term":[{"taxonomy":"category","embeddable":true,"href":"https:\/\/dgospel.com.br\/portal\/index.php\/wp-json\/wp\/v2\/categories?post=21639"},{"taxonomy":"post_tag","embeddable":true,"href":"https:\/\/dgospel.com.br\/portal\/index.php\/wp-json\/wp\/v2\/tags?post=21639"}],"curies":[{"name":"wp","href":"https:\/\/api.w.org\/{rel}","templated":true}]}}