{"id":21642,"date":"2025-04-01T22:36:50","date_gmt":"2025-04-02T01:36:50","guid":{"rendered":"https:\/\/dgospel.com.br\/portal\/?p=21642"},"modified":"2025-04-01T22:36:51","modified_gmt":"2025-04-02T01:36:51","slug":"agrotins-2025-gipao-faz-gesto-de-apoio-a-feira-e-destaca-seu-grande-potencial-de-negocios","status":"publish","type":"post","link":"https:\/\/dgospel.com.br\/portal\/index.php\/2025\/04\/01\/agrotins-2025-gipao-faz-gesto-de-apoio-a-feira-e-destaca-seu-grande-potencial-de-negocios\/","title":{"rendered":"Agrotins 2025: Gip\u00e3o faz gesto de apoio \u00e0 feira e destaca seu grande potencial de neg\u00f3cios"},"content":{"rendered":"\n<p>O deputado estadual Gip\u00e3o, ao lado do governador Wanderlei Barbosa e do senador Eduardo Gomes, participou da abertura oficial da 25\u00aa edi\u00e7\u00e3o da Feira de Tecnologia Agropecu\u00e1ria do Tocantins (Agrotins), sinalizando total apoio ao evento que tem hist\u00f3rico de duas d\u00e9cadas e meia de exist\u00eancia.<\/p>\n\n\n\n<p>O deputado destacou o sucesso dos resultados da exposi\u00e7\u00e3o para o desenvolvimento da economia do estado.<\/p>\n\n\n\n<p>\u201cEstou no evento me colocando \u00e0 disposi\u00e7\u00e3o. \u00c9 o dever de um deputado, de um servidor do povo tocantinense, apoiar a Agrotins, que fomenta a nossa economia estadual e atrai expositores, compradores e interessados em conhecer as novidades do setor. Como bem frisou o governador, eu creio que este ano o evento ser\u00e1 mais tecnol\u00f3gico e robusto, levando mais inova\u00e7\u00e3o aos produtores e atraindo grandes investimentos. \u00c9 certo que a feira movimenta um grande volume de recursos financeiros, criando o que podemos classificar como um ecossistema din\u00e2mico de neg\u00f3cios\u201d afirmou.<\/p>\n\n\n\n<p>Esta edi\u00e7\u00e3o traz como tema a AgroEvolu\u00e7\u00e3o, mostrando como a tecnologia, os insumos e as novas pr\u00e1ticas transformaram o agro nas \u00faltimas d\u00e9cadas.<\/p>\n\n\n\n<p>A Agrotins acontece entre os dias 13 e 17 de maio, no Parque Agro Tecnol\u00f3gico Engenheiro Agr\u00f4nomo Mauro Mendanha, na zona rural de Palmas. S\u00e3o esperados aproximadamente 1.200 expositores e um p\u00fablico superior a 200 mil pessoas durante os cinco dias de evento.<br>Agrotins 2025:<\/p>\n","protected":false},"excerpt":{"rendered":"<p>O deputado estadual Gip\u00e3o, ao lado do governador Wanderlei Barbosa e do senador Eduardo Gomes, participou da abertura oficial da 25\u00aa edi\u00e7\u00e3o da Feira de Tecnologia Agropecu\u00e1ria do Tocantins (Agrotins), sinalizando total apoio ao evento que tem hist\u00f3rico de duas d\u00e9cadas e meia de exist\u00eancia. O deputado destacou o sucesso dos resultados da exposi\u00e7\u00e3o para [&hellip;]<\/p>\n","protected":false},"author":2,"featured_media":21643,"comment_status":"open","ping_status":"open","sticky":false,"template":"","format":"standard","meta":[],"categories":[8],"tags":[],"_links":{"self":[{"href":"https:\/\/dgospel.com.br\/portal\/index.php\/wp-json\/wp\/v2\/posts\/21642"}],"collection":[{"href":"https:\/\/dgospel.com.br\/portal\/index.php\/wp-json\/wp\/v2\/posts"}],"about":[{"href":"https:\/\/dgospel.com.br\/portal\/index.php\/wp-json\/wp\/v2\/types\/post"}],"author":[{"embeddable":true,"href":"https:\/\/dgospel.com.br\/portal\/index.php\/wp-json\/wp\/v2\/users\/2"}],"replies":[{"embeddable":true,"href":"https:\/\/dgospel.com.br\/portal\/index.php\/wp-json\/wp\/v2\/comments?post=21642"}],"version-history":[{"count":1,"href":"https:\/\/dgospel.com.br\/portal\/index.php\/wp-json\/wp\/v2\/posts\/21642\/revisions"}],"predecessor-version":[{"id":21644,"href":"https:\/\/dgospel.com.br\/portal\/index.php\/wp-json\/wp\/v2\/posts\/21642\/revisions\/21644"}],"wp:featuredmedia":[{"embeddable":true,"href":"https:\/\/dgospel.com.br\/portal\/index.php\/wp-json\/wp\/v2\/media\/21643"}],"wp:attachment":[{"href":"https:\/\/dgospel.com.br\/portal\/index.php\/wp-json\/wp\/v2\/media?parent=21642"}],"wp:term":[{"taxonomy":"category","embeddable":true,"href":"https:\/\/dgospel.com.br\/portal\/index.php\/wp-json\/wp\/v2\/categories?post=21642"},{"taxonomy":"post_tag","embeddable":true,"href":"https:\/\/dgospel.com.br\/portal\/index.php\/wp-json\/wp\/v2\/tags?post=21642"}],"curies":[{"name":"wp","href":"https:\/\/api.w.org\/{rel}","templated":true}]}}