{"id":21645,"date":"2025-04-01T22:58:47","date_gmt":"2025-04-02T01:58:47","guid":{"rendered":"https:\/\/dgospel.com.br\/portal\/?p=21645"},"modified":"2025-04-01T22:58:48","modified_gmt":"2025-04-02T01:58:48","slug":"pobreza-na-argentina-cai-148-pontos-percentuais-no-2o-semestre-de-2024","status":"publish","type":"post","link":"https:\/\/dgospel.com.br\/portal\/index.php\/2025\/04\/01\/pobreza-na-argentina-cai-148-pontos-percentuais-no-2o-semestre-de-2024\/","title":{"rendered":"Pobreza na Argentina cai 14,8 pontos percentuais\u00a0no 2\u00ba semestre de 2024"},"content":{"rendered":"\n<p>O \u00edndice de pobreza entre a popula\u00e7\u00e3o urbana da Argentina ficou em 38,1% no segundo semestre de 2024. O dado representa uma queda de 14,8 pontos percentuais em rela\u00e7\u00e3o \u00e0 taxa registrada no primeiro semestre.<\/p>\n\n\n\n<p>Um relat\u00f3rio divulgado, nesta segunda-feira (31), pelo Instituto Nacional de Estat\u00edstica e Censos (Indec) mostra que o \u00edndice de indig\u00eancia ficou em 8,2% da popula\u00e7\u00e3o no segundo semestre do ano passado, 9,9 pontos abaixo da taxa registrada no semestre anterior.<\/p>\n\n\n\n<p>A taxa de pobreza caiu 3,6 pontos percentuais no segundo semestre do ano passado em rela\u00e7\u00e3o \u00e0 medi\u00e7\u00e3o feita no mesmo per\u00edodo em 2023, enquanto a de indig\u00eancia recuou 3,7 pontos.<\/p>\n\n\n\n<p>A popula\u00e7\u00e3o mais afetada pela pobreza foi a de crian\u00e7as de at\u00e9 14 anos de idade, na qual a taxa de pobreza foi de 51,9% e a de indig\u00eancia foi de 11,5%.<\/p>\n\n\n\n<p>A medi\u00e7\u00e3o leva em conta apenas o padr\u00e3o de vida nos 31 centros urbanos mais populosos do pa\u00eds, o que abrange 29,8 milh\u00f5es de pessoas de uma popula\u00e7\u00e3o total na Argentina de cerca de 47 milh\u00f5es de pessoas.<\/p>\n\n\n\n<p>No primeiro semestre de 2024, a taxa de pobreza havia saltado para 52,9%, a maior taxa desde 2003, devido aos efeitos do coquetel de ajuste econ\u00f4mico de \u201cchoque\u201d e da infla\u00e7\u00e3o muito alta que caracterizaram os primeiros meses do governo do presidente Javier Milei.<\/p>\n\n\n\n<p>A queda na taxa de pobreza durante o segundo semestre do ano est\u00e1 diretamente relacionada ao processo de desacelera\u00e7\u00e3o progressiva da infla\u00e7\u00e3o e \u00e0 recomposi\u00e7\u00e3o relativa da renda que ocorreu no segundo semestre de 2024.<\/p>\n\n\n\n<p>O Indec mede a pobreza e a indig\u00eancia com base na renda declarada pelas fam\u00edlias que comp\u00f5em sua amostragem e se ela \u00e9 suficiente ou n\u00e3o para acessar a cesta b\u00e1sica de alimentos e servi\u00e7os, cujo valor varia a cada m\u00eas devido \u00e0 infla\u00e7\u00e3o.<\/p>\n\n\n\n<p>De acordo com o relat\u00f3rio do Indec, observou-se que, em rela\u00e7\u00e3o ao semestre anterior, durante o segundo semestre de 2024 a renda total das fam\u00edlias aumentou em m\u00e9dia 64,5%, o valor da cesta b\u00e1sica de alimentos subiu 22,2%, e o valor da cesta b\u00e1sica total de alimentos e servi\u00e7os (CBT) aumentou 26,7%.<\/p>\n\n\n\n<p>A medi\u00e7\u00e3o oficial tem suas limita\u00e7\u00f5es: n\u00e3o atinge toda a popula\u00e7\u00e3o, n\u00e3o inclui despesas com aluguel, nem leva em conta despesas espec\u00edficas de determinados grupos \u2013 como os idosos \u2013 ou dimens\u00f5es que v\u00e3o al\u00e9m da renda, como o acesso efetivo \u00e0 \u00e1gua pot\u00e1vel, educa\u00e7\u00e3o e servi\u00e7os de sa\u00fade.<\/p>\n\n\n\n<p>*Com informa\u00e7\u00f5es da Ag\u00eancia EFE<\/p>\n","protected":false},"excerpt":{"rendered":"<p>O \u00edndice de pobreza entre a popula\u00e7\u00e3o urbana da Argentina ficou em 38,1% no segundo semestre de 2024. O dado representa uma queda de 14,8 pontos percentuais em rela\u00e7\u00e3o \u00e0 taxa registrada no primeiro semestre. Um relat\u00f3rio divulgado, nesta segunda-feira (31), pelo Instituto Nacional de Estat\u00edstica e Censos (Indec) mostra que o \u00edndice de indig\u00eancia [&hellip;]<\/p>\n","protected":false},"author":2,"featured_media":21646,"comment_status":"open","ping_status":"open","sticky":false,"template":"","format":"standard","meta":[],"categories":[12,16],"tags":[],"_links":{"self":[{"href":"https:\/\/dgospel.com.br\/portal\/index.php\/wp-json\/wp\/v2\/posts\/21645"}],"collection":[{"href":"https:\/\/dgospel.com.br\/portal\/index.php\/wp-json\/wp\/v2\/posts"}],"about":[{"href":"https:\/\/dgospel.com.br\/portal\/index.php\/wp-json\/wp\/v2\/types\/post"}],"author":[{"embeddable":true,"href":"https:\/\/dgospel.com.br\/portal\/index.php\/wp-json\/wp\/v2\/users\/2"}],"replies":[{"embeddable":true,"href":"https:\/\/dgospel.com.br\/portal\/index.php\/wp-json\/wp\/v2\/comments?post=21645"}],"version-history":[{"count":1,"href":"https:\/\/dgospel.com.br\/portal\/index.php\/wp-json\/wp\/v2\/posts\/21645\/revisions"}],"predecessor-version":[{"id":21647,"href":"https:\/\/dgospel.com.br\/portal\/index.php\/wp-json\/wp\/v2\/posts\/21645\/revisions\/21647"}],"wp:featuredmedia":[{"embeddable":true,"href":"https:\/\/dgospel.com.br\/portal\/index.php\/wp-json\/wp\/v2\/media\/21646"}],"wp:attachment":[{"href":"https:\/\/dgospel.com.br\/portal\/index.php\/wp-json\/wp\/v2\/media?parent=21645"}],"wp:term":[{"taxonomy":"category","embeddable":true,"href":"https:\/\/dgospel.com.br\/portal\/index.php\/wp-json\/wp\/v2\/categories?post=21645"},{"taxonomy":"post_tag","embeddable":true,"href":"https:\/\/dgospel.com.br\/portal\/index.php\/wp-json\/wp\/v2\/tags?post=21645"}],"curies":[{"name":"wp","href":"https:\/\/api.w.org\/{rel}","templated":true}]}}