{"id":21648,"date":"2025-04-02T08:45:56","date_gmt":"2025-04-02T11:45:56","guid":{"rendered":"https:\/\/dgospel.com.br\/portal\/?p=21648"},"modified":"2025-04-02T08:45:57","modified_gmt":"2025-04-02T11:45:57","slug":"quaest-desaprovacao-de-lula-dispara-a-56-e-tem-novo-recorde","status":"publish","type":"post","link":"https:\/\/dgospel.com.br\/portal\/index.php\/2025\/04\/02\/quaest-desaprovacao-de-lula-dispara-a-56-e-tem-novo-recorde\/","title":{"rendered":"Quaest: Desaprova\u00e7\u00e3o de Lula dispara a 56% e tem novo recorde"},"content":{"rendered":"\n<p>A pesquisa Genial\/Quaest, divulgada nesta quarta-feira (2), mostra que a desaprova\u00e7\u00e3o do governo do presidente&nbsp;<a href=\"http:\/\/pleno.news\/tag\/lula\" target=\"_blank\" rel=\"noreferrer noopener\">Luiz In\u00e1cio Lula da Silva<\/a>&nbsp;(PT) voltou a subir e atingiu o maior patamar desde o in\u00edcio da gest\u00e3o, em janeiro de 2023. O \u00edndice de reprova\u00e7\u00e3o, que era de 49% em janeiro deste ano, passou para 56% no m\u00eas de mar\u00e7o. A aprova\u00e7\u00e3o, por sua vez, caiu de 47% para 41%.<\/p>\n\n\n\n<p>J\u00e1 em rela\u00e7\u00e3o \u00e0 avalia\u00e7\u00e3o do governo, 41% consideram negativa a gest\u00e3o de Lula (em janeiro, eram 37%), 27% avaliam como positiva (em janeiro, eram 31%) e outros 29% apontam o Executivo como regular (em janeiro, eram 28%). Outros 3% n\u00e3o souberam responder.<\/p>\n\n\n\n<p>A pesquisa da Genial\/Quaest tamb\u00e9m separou os entrevistados em grupos. Os que mais desaprovam o petista s\u00e3o os evang\u00e9licos (67%), os que ganham mais de cinco sal\u00e1rios m\u00ednimos (64%), os que possuem at\u00e9 o ensino m\u00e9dio completo (64%) e os eleitores que t\u00eam entre 16 e 34 anos (64%).<\/p>\n\n\n\n<p>Os \u00fanicos grupos onde a aprova\u00e7\u00e3o \u00e9 maior que a desaprova\u00e7\u00e3o s\u00e3o os que possuem at\u00e9 o ensino fundamental completo (55%), os que ganham at\u00e9 dois sal\u00e1rios m\u00ednimos (52%) e os maiores de 60 anos (50%).<\/p>\n\n\n\n<p>A aprova\u00e7\u00e3o do presidente tamb\u00e9m caiu entre os eleitores que votaram nele no segundo turno da elei\u00e7\u00e3o presidencial de 2022. A avalia\u00e7\u00e3o positiva teve uma queda de nove pontos percentuais, saindo de 81% para 72%. J\u00e1 o \u00edndice negativo cresceu outros nove pontos percentuais, passando de 17% para 26%. Outros 2% n\u00e3o souberam responder.<\/p>\n\n\n\n<p>Com os eleitores de Jair Bolsonaro (PL), a desaprova\u00e7\u00e3o passou de 88% para 92%. A aprova\u00e7\u00e3o caiu de 10% para 7%. Entre os que votaram nulo, a rejei\u00e7\u00e3o passou de 55% para 62%, enquanto a aceita\u00e7\u00e3o de 38% caiu para 31%. Os que n\u00e3o responderam somam 7%.<\/p>\n\n\n\n<p>A pesquisa da Genial\/Quaest entrevistou presencialmente 2.004 eleitores de 120 munic\u00edpios entre os dias 27 e 31 de mar\u00e7o. A margem de erro \u00e9 de dois pontos percentuais e o \u00edndice de confiabilidade \u00e9 de 95%.<\/p>\n\n\n\n<p>*AE<\/p>\n","protected":false},"excerpt":{"rendered":"<p>A pesquisa Genial\/Quaest, divulgada nesta quarta-feira (2), mostra que a desaprova\u00e7\u00e3o do governo do presidente&nbsp;Luiz In\u00e1cio Lula da Silva&nbsp;(PT) voltou a subir e atingiu o maior patamar desde o in\u00edcio da gest\u00e3o, em janeiro de 2023. O \u00edndice de reprova\u00e7\u00e3o, que era de 49% em janeiro deste ano, passou para 56% no m\u00eas de mar\u00e7o. [&hellip;]<\/p>\n","protected":false},"author":2,"featured_media":21649,"comment_status":"open","ping_status":"open","sticky":false,"template":"","format":"standard","meta":[],"categories":[4],"tags":[],"_links":{"self":[{"href":"https:\/\/dgospel.com.br\/portal\/index.php\/wp-json\/wp\/v2\/posts\/21648"}],"collection":[{"href":"https:\/\/dgospel.com.br\/portal\/index.php\/wp-json\/wp\/v2\/posts"}],"about":[{"href":"https:\/\/dgospel.com.br\/portal\/index.php\/wp-json\/wp\/v2\/types\/post"}],"author":[{"embeddable":true,"href":"https:\/\/dgospel.com.br\/portal\/index.php\/wp-json\/wp\/v2\/users\/2"}],"replies":[{"embeddable":true,"href":"https:\/\/dgospel.com.br\/portal\/index.php\/wp-json\/wp\/v2\/comments?post=21648"}],"version-history":[{"count":1,"href":"https:\/\/dgospel.com.br\/portal\/index.php\/wp-json\/wp\/v2\/posts\/21648\/revisions"}],"predecessor-version":[{"id":21650,"href":"https:\/\/dgospel.com.br\/portal\/index.php\/wp-json\/wp\/v2\/posts\/21648\/revisions\/21650"}],"wp:featuredmedia":[{"embeddable":true,"href":"https:\/\/dgospel.com.br\/portal\/index.php\/wp-json\/wp\/v2\/media\/21649"}],"wp:attachment":[{"href":"https:\/\/dgospel.com.br\/portal\/index.php\/wp-json\/wp\/v2\/media?parent=21648"}],"wp:term":[{"taxonomy":"category","embeddable":true,"href":"https:\/\/dgospel.com.br\/portal\/index.php\/wp-json\/wp\/v2\/categories?post=21648"},{"taxonomy":"post_tag","embeddable":true,"href":"https:\/\/dgospel.com.br\/portal\/index.php\/wp-json\/wp\/v2\/tags?post=21648"}],"curies":[{"name":"wp","href":"https:\/\/api.w.org\/{rel}","templated":true}]}}