{"id":21654,"date":"2025-04-03T09:59:32","date_gmt":"2025-04-03T12:59:32","guid":{"rendered":"https:\/\/dgospel.com.br\/portal\/?p=21654"},"modified":"2025-04-03T09:59:33","modified_gmt":"2025-04-03T12:59:33","slug":"leo-barbosa-participa-do-2o-encontro-de-pais-de-autistas-e-celebra-avanco-na-criacao-do-cetea","status":"publish","type":"post","link":"https:\/\/dgospel.com.br\/portal\/index.php\/2025\/04\/03\/leo-barbosa-participa-do-2o-encontro-de-pais-de-autistas-e-celebra-avanco-na-criacao-do-cetea\/","title":{"rendered":"L\u00e9o Barbosa participa do 2\u00ba Encontro de Pais de Autistas e celebra avan\u00e7o na cria\u00e7\u00e3o do CETEA"},"content":{"rendered":"\n<p><strong>L\u00e9o Barbosa participa do 2\u00ba Encontro de Pais de Autistas e celebra avan\u00e7o na cria\u00e7\u00e3o do CETEA<\/strong><\/p>\n\n\n\n<p>O deputado estadual L\u00e9o Barbosa (Republicanos) participou, nesta ter\u00e7a-feira, 2, do 2\u00ba Encontro de Pais de Autistas do Tocantins, realizado no audit\u00f3rio da Ordem dos Advogados do Brasil (OAB). O evento reuniu fam\u00edlias, especialistas e autoridades para debater pol\u00edticas p\u00fablicas voltadas \u00e0s pessoas com Transtorno do Espectro Autista (TEA).<\/p>\n\n\n\n<p>Um dos momentos mais importantes do encontro foi a assinatura do Termo de Compromisso pelo Governo do Tocantins com o Instituto Nacional de Desenvolvimento Social e Humano (INDSH), para a implementa\u00e7\u00e3o do Centro Especializado no Transtorno do Espectro Autista (CETEA). O centro ser\u00e1 uma refer\u00eancia no atendimento e apoio a pessoas com TEA e suas fam\u00edlias, promovendo assist\u00eancia multidisciplinar.<\/p>\n\n\n\n<p>L\u00e9o Barbosa, autor da solicita\u00e7\u00e3o para implanta\u00e7\u00e3o do CETEA no Tocantins, comemorou o in\u00edcio da concretiza\u00e7\u00e3o desse importante avan\u00e7o. &#8220;Este \u00e9 um passo hist\u00f3rico para o Tocantins. O CETEA ser\u00e1 um marco no atendimento especializado para autistas, oferecendo suporte adequado e garantindo mais qualidade de vida para essas crian\u00e7as, jovens e adultos&#8221;, destacou o parlamentar.<\/p>\n\n\n\n<p>A busca de L\u00e9o pela implementa\u00e7\u00e3o do centro no estado acontece desde 2022, quando o parlamentar visitou o N\u00facleo de Atendimento Transtorno do Espectro Autista (Natea), no estado do Par\u00e1, refer\u00eancia em atendimento na \u00e1rea. Na \u00e9poca, o deputado prop\u00f4s a cria\u00e7\u00e3o da Superintend\u00eancia da Rede de Cuidados \u00e0 Pessoa com Defici\u00eancia, solicita\u00e7\u00e3o atendida pelo Governo do Tocantins.&nbsp;<\/p>\n\n\n\n<p>&#8220;Nosso trabalho continua para garantir mais avan\u00e7os e direitos para as pessoas com TEA e suas fam\u00edlias&#8221;, finalizou o deputado.<\/p>\n","protected":false},"excerpt":{"rendered":"<p>L\u00e9o Barbosa participa do 2\u00ba Encontro de Pais de Autistas e celebra avan\u00e7o na cria\u00e7\u00e3o do CETEA O deputado estadual L\u00e9o Barbosa (Republicanos) participou, nesta ter\u00e7a-feira, 2, do 2\u00ba Encontro de Pais de Autistas do Tocantins, realizado no audit\u00f3rio da Ordem dos Advogados do Brasil (OAB). O evento reuniu fam\u00edlias, especialistas e autoridades para debater [&hellip;]<\/p>\n","protected":false},"author":2,"featured_media":21655,"comment_status":"open","ping_status":"open","sticky":false,"template":"","format":"standard","meta":[],"categories":[8],"tags":[],"_links":{"self":[{"href":"https:\/\/dgospel.com.br\/portal\/index.php\/wp-json\/wp\/v2\/posts\/21654"}],"collection":[{"href":"https:\/\/dgospel.com.br\/portal\/index.php\/wp-json\/wp\/v2\/posts"}],"about":[{"href":"https:\/\/dgospel.com.br\/portal\/index.php\/wp-json\/wp\/v2\/types\/post"}],"author":[{"embeddable":true,"href":"https:\/\/dgospel.com.br\/portal\/index.php\/wp-json\/wp\/v2\/users\/2"}],"replies":[{"embeddable":true,"href":"https:\/\/dgospel.com.br\/portal\/index.php\/wp-json\/wp\/v2\/comments?post=21654"}],"version-history":[{"count":1,"href":"https:\/\/dgospel.com.br\/portal\/index.php\/wp-json\/wp\/v2\/posts\/21654\/revisions"}],"predecessor-version":[{"id":21656,"href":"https:\/\/dgospel.com.br\/portal\/index.php\/wp-json\/wp\/v2\/posts\/21654\/revisions\/21656"}],"wp:featuredmedia":[{"embeddable":true,"href":"https:\/\/dgospel.com.br\/portal\/index.php\/wp-json\/wp\/v2\/media\/21655"}],"wp:attachment":[{"href":"https:\/\/dgospel.com.br\/portal\/index.php\/wp-json\/wp\/v2\/media?parent=21654"}],"wp:term":[{"taxonomy":"category","embeddable":true,"href":"https:\/\/dgospel.com.br\/portal\/index.php\/wp-json\/wp\/v2\/categories?post=21654"},{"taxonomy":"post_tag","embeddable":true,"href":"https:\/\/dgospel.com.br\/portal\/index.php\/wp-json\/wp\/v2\/tags?post=21654"}],"curies":[{"name":"wp","href":"https:\/\/api.w.org\/{rel}","templated":true}]}}