{"id":21657,"date":"2025-04-03T10:22:29","date_gmt":"2025-04-03T13:22:29","guid":{"rendered":"https:\/\/dgospel.com.br\/portal\/?p=21657"},"modified":"2025-04-03T10:22:30","modified_gmt":"2025-04-03T13:22:30","slug":"amazonia-degradacao-florestal-em-2025-cresce-quase-500","status":"publish","type":"post","link":"https:\/\/dgospel.com.br\/portal\/index.php\/2025\/04\/03\/amazonia-degradacao-florestal-em-2025-cresce-quase-500\/","title":{"rendered":"Amaz\u00f4nia: Degrada\u00e7\u00e3o florestal em 2025 cresce quase 500%"},"content":{"rendered":"\n<p>Em 2025, a degrada\u00e7\u00e3o na Amaz\u00f4nia Legal bateu recorde. O aumento foi de 482% em 2025 em rela\u00e7\u00e3o ao per\u00edodo anterior, quando a \u00e1rea degradada foi de 5.805 km\u00b2.<\/p>\n\n\n\n<p>Dados do Sistema de Alerta de Desmatamento (SAD), do Imazon, mostram que a \u00e1rea degradada chega a 33.807 quil\u00f4metros quadrados, a maior \u00edndice da s\u00e9rie hist\u00f3rica.<\/p>\n\n\n\n<p>A degrada\u00e7\u00e3o \u00e9 impulsionada, principalmente, por fatores como queimadas e extra\u00e7\u00e3o madeireira, atividades que fragilizam a vegeta\u00e7\u00e3o e abrem caminho para o desmatamento. A \u00e1rea afetada equivale, aproximadamente, ao territ\u00f3rio de Porto Velho, que tem 34.091 quil\u00f4metros quadrados.<\/p>\n\n\n\n<p>Em fevereiro foram 211 km\u00b2 de floresta degradada, um aumento de 1.407% em rela\u00e7\u00e3o ao mesmo per\u00edodo de 2024.<\/p>\n\n\n\n<p>O Par\u00e1 foi o estado mais afetado, em fevereiro, com 75% da \u00e1rea degradada, seguido pelo Maranh\u00e3o, com 14%.<\/p>\n\n\n\n<p>A diferen\u00e7a entre degrada\u00e7\u00e3o florestal e desmatamento est\u00e1 no impacto causado \u00e0 vegeta\u00e7\u00e3o e na possibilidade de recupera\u00e7\u00e3o da \u00e1rea afetada. Na Amaz\u00f4nia, a degrada\u00e7\u00e3o muitas vezes antecede o desmatamento.<\/p>\n\n\n\n<p>Degrada\u00e7\u00e3o florestal ocorre quando a floresta sofre danos significativos, mas sem a remo\u00e7\u00e3o completa da vegeta\u00e7\u00e3o. J\u00e1 o desmatamento \u00e9 sobre remo\u00e7\u00e3o total da cobertura florestal. As informa\u00e7\u00f5es s\u00e3o do Poder360.<\/p>\n","protected":false},"excerpt":{"rendered":"<p>Em 2025, a degrada\u00e7\u00e3o na Amaz\u00f4nia Legal bateu recorde. O aumento foi de 482% em 2025 em rela\u00e7\u00e3o ao per\u00edodo anterior, quando a \u00e1rea degradada foi de 5.805 km\u00b2. Dados do Sistema de Alerta de Desmatamento (SAD), do Imazon, mostram que a \u00e1rea degradada chega a 33.807 quil\u00f4metros quadrados, a maior \u00edndice da s\u00e9rie hist\u00f3rica. [&hellip;]<\/p>\n","protected":false},"author":2,"featured_media":21658,"comment_status":"open","ping_status":"open","sticky":false,"template":"","format":"standard","meta":[],"categories":[10],"tags":[],"_links":{"self":[{"href":"https:\/\/dgospel.com.br\/portal\/index.php\/wp-json\/wp\/v2\/posts\/21657"}],"collection":[{"href":"https:\/\/dgospel.com.br\/portal\/index.php\/wp-json\/wp\/v2\/posts"}],"about":[{"href":"https:\/\/dgospel.com.br\/portal\/index.php\/wp-json\/wp\/v2\/types\/post"}],"author":[{"embeddable":true,"href":"https:\/\/dgospel.com.br\/portal\/index.php\/wp-json\/wp\/v2\/users\/2"}],"replies":[{"embeddable":true,"href":"https:\/\/dgospel.com.br\/portal\/index.php\/wp-json\/wp\/v2\/comments?post=21657"}],"version-history":[{"count":1,"href":"https:\/\/dgospel.com.br\/portal\/index.php\/wp-json\/wp\/v2\/posts\/21657\/revisions"}],"predecessor-version":[{"id":21659,"href":"https:\/\/dgospel.com.br\/portal\/index.php\/wp-json\/wp\/v2\/posts\/21657\/revisions\/21659"}],"wp:featuredmedia":[{"embeddable":true,"href":"https:\/\/dgospel.com.br\/portal\/index.php\/wp-json\/wp\/v2\/media\/21658"}],"wp:attachment":[{"href":"https:\/\/dgospel.com.br\/portal\/index.php\/wp-json\/wp\/v2\/media?parent=21657"}],"wp:term":[{"taxonomy":"category","embeddable":true,"href":"https:\/\/dgospel.com.br\/portal\/index.php\/wp-json\/wp\/v2\/categories?post=21657"},{"taxonomy":"post_tag","embeddable":true,"href":"https:\/\/dgospel.com.br\/portal\/index.php\/wp-json\/wp\/v2\/tags?post=21657"}],"curies":[{"name":"wp","href":"https:\/\/api.w.org\/{rel}","templated":true}]}}