{"id":21660,"date":"2025-04-03T22:36:58","date_gmt":"2025-04-04T01:36:58","guid":{"rendered":"https:\/\/dgospel.com.br\/portal\/?p=21660"},"modified":"2025-04-03T22:39:42","modified_gmt":"2025-04-04T01:39:42","slug":"o-pais-do-carrinho-vazio-81-dos-brasileiros-dizem-que-perderam-poder-de-compra-no-governo-lula","status":"publish","type":"post","link":"https:\/\/dgospel.com.br\/portal\/index.php\/2025\/04\/03\/o-pais-do-carrinho-vazio-81-dos-brasileiros-dizem-que-perderam-poder-de-compra-no-governo-lula\/","title":{"rendered":"O pa\u00eds do carrinho vazio: 81% dos brasileiros dizem que perderam poder de compra no governo Lula"},"content":{"rendered":"\n<p>O marketing fala em crescimento, as planilhas em Bras\u00edlia apontam estabilidade, mas o povo sente o que realmente importa no fim do m\u00eas:&nbsp;<strong>o dinheiro n\u00e3o vale mais o que valia.<\/strong>&nbsp;Segundo a pesquisa&nbsp;<strong>Genial\/Quaest<\/strong>, divulgada nesta quarta-feira (2),&nbsp;<strong>81% dos brasileiros afirmam que seu poder de compra diminuiu<\/strong>&nbsp;nos \u00faltimos 12 meses. Em outras palavras: o sal\u00e1rio ficou menor, os pre\u00e7os aumentaram e a promessa de recupera\u00e7\u00e3o econ\u00f4mica virou um peso morto na sacola do mercado.<\/p>\n\n\n\n<p>A pesquisa ouviu&nbsp;<strong>2.004 pessoas em 120 munic\u00edpios<\/strong>&nbsp;entre os dias 27 e 31 de mar\u00e7o. E o resultado escancara o&nbsp;<strong>distanciamento entre o discurso do governo e a realidade no caixa do supermercado.<\/strong><\/p>\n\n\n\n<p>Quando 8 em cada 10 pessoas dizem que compram menos com o mesmo dinheiro,&nbsp;<strong>n\u00e3o \u00e9 infla\u00e7\u00e3o t\u00e9cnica \u2014 \u00e9 empobrecimento pr\u00e1tico<\/strong>. O dado enterra, ao menos simbolicamente, a ilus\u00e3o de que o governo Lula conseguiria rapidamente reconstruir o \u201cBrasil feliz de novo\u201d apenas com ret\u00f3rica progressista e almo\u00e7os com prefeitos.<\/p>\n\n\n\n<p>A situa\u00e7\u00e3o \u00e9 agravada por outros dados da mesma pesquisa:<\/p>\n\n\n\n<ul><li class=\"\"><strong>88%<\/strong>&nbsp;acham que o pre\u00e7o dos alimentos subiu em mar\u00e7o;<\/li><li class=\"\"><strong>70%<\/strong>&nbsp;dizem que o combust\u00edvel aumentou;<\/li><li class=\"\"><strong>65%<\/strong>&nbsp;sentiram alta na conta de luz e \u00e1gua;<\/li><li class=\"\"><strong>53%<\/strong>&nbsp;relatam maior dificuldade para conseguir emprego.<\/li><\/ul>\n\n\n\n<p>Ou seja:&nbsp;<strong>a vida ficou mais cara, o sal\u00e1rio continua curto, e ningu\u00e9m est\u00e1 aliviado.<\/strong><\/p>\n\n\n\n<p>N\u00e3o \u00e0 toa,&nbsp;<strong>56% dos brasileiros acham que a economia piorou<\/strong>, e o mesmo porcentual&nbsp;<strong>reprova o governo Lula<\/strong>. O que come\u00e7ou como uma gest\u00e3o que prometia reconstru\u00e7\u00e3o virou, para muitos, uma continua\u00e7\u00e3o de dificuldades \u2014 com menos esperan\u00e7a de revers\u00e3o.<\/p>\n\n\n\n<p>At\u00e9 o&nbsp;<strong>Nordeste<\/strong>, reduto hist\u00f3rico do PT, come\u00e7a a dar sinais de descontentamento. A desaprova\u00e7\u00e3o ao presidente na regi\u00e3o subiu 9 pontos. No Sudeste e no Sul, a rejei\u00e7\u00e3o j\u00e1 passa dos 60%.<\/p>\n\n\n\n<p>E a compara\u00e7\u00e3o com gest\u00f5es anteriores n\u00e3o ajuda:&nbsp;<strong>53% acham o atual governo pior que os mandatos anteriores de Lula<\/strong>, e&nbsp;<strong>43% dizem que o governo Bolsonaro foi melhor<\/strong>&nbsp;\u2014 contra 39% que ainda preferem Lula.<\/p>\n\n\n\n<p>Mais do que PIB ou juros, \u00e9&nbsp;<strong>o supermercado que define o humor nacional<\/strong>. Se a carne some da mesa e o feij\u00e3o vira luxo, nenhum plano habitacional ou antecipa\u00e7\u00e3o de 13\u00ba salva a percep\u00e7\u00e3o p\u00fablica.&nbsp;<strong>A economia, para o brasileiro comum, n\u00e3o \u00e9 teoria \u2014 \u00e9 o que cabe no carrinho.<\/strong>&nbsp;E, hoje,&nbsp;<strong>cabe menos. Muito menos.<\/strong><\/p>\n","protected":false},"excerpt":{"rendered":"<p>O marketing fala em crescimento, as planilhas em Bras\u00edlia apontam estabilidade, mas o povo sente o que realmente importa no fim do m\u00eas:&nbsp;o dinheiro n\u00e3o vale mais o que valia.&nbsp;Segundo a pesquisa&nbsp;Genial\/Quaest, divulgada nesta quarta-feira (2),&nbsp;81% dos brasileiros afirmam que seu poder de compra diminuiu&nbsp;nos \u00faltimos 12 meses. Em outras palavras: o sal\u00e1rio ficou menor, [&hellip;]<\/p>\n","protected":false},"author":2,"featured_media":21661,"comment_status":"open","ping_status":"open","sticky":false,"template":"","format":"standard","meta":[],"categories":[12,10],"tags":[13],"_links":{"self":[{"href":"https:\/\/dgospel.com.br\/portal\/index.php\/wp-json\/wp\/v2\/posts\/21660"}],"collection":[{"href":"https:\/\/dgospel.com.br\/portal\/index.php\/wp-json\/wp\/v2\/posts"}],"about":[{"href":"https:\/\/dgospel.com.br\/portal\/index.php\/wp-json\/wp\/v2\/types\/post"}],"author":[{"embeddable":true,"href":"https:\/\/dgospel.com.br\/portal\/index.php\/wp-json\/wp\/v2\/users\/2"}],"replies":[{"embeddable":true,"href":"https:\/\/dgospel.com.br\/portal\/index.php\/wp-json\/wp\/v2\/comments?post=21660"}],"version-history":[{"count":2,"href":"https:\/\/dgospel.com.br\/portal\/index.php\/wp-json\/wp\/v2\/posts\/21660\/revisions"}],"predecessor-version":[{"id":21666,"href":"https:\/\/dgospel.com.br\/portal\/index.php\/wp-json\/wp\/v2\/posts\/21660\/revisions\/21666"}],"wp:featuredmedia":[{"embeddable":true,"href":"https:\/\/dgospel.com.br\/portal\/index.php\/wp-json\/wp\/v2\/media\/21661"}],"wp:attachment":[{"href":"https:\/\/dgospel.com.br\/portal\/index.php\/wp-json\/wp\/v2\/media?parent=21660"}],"wp:term":[{"taxonomy":"category","embeddable":true,"href":"https:\/\/dgospel.com.br\/portal\/index.php\/wp-json\/wp\/v2\/categories?post=21660"},{"taxonomy":"post_tag","embeddable":true,"href":"https:\/\/dgospel.com.br\/portal\/index.php\/wp-json\/wp\/v2\/tags?post=21660"}],"curies":[{"name":"wp","href":"https:\/\/api.w.org\/{rel}","templated":true}]}}