{"id":21663,"date":"2025-04-03T22:39:23","date_gmt":"2025-04-04T01:39:23","guid":{"rendered":"https:\/\/dgospel.com.br\/portal\/?p=21663"},"modified":"2025-04-03T22:39:25","modified_gmt":"2025-04-04T01:39:25","slug":"governo-lula-compra-carteiras-escolares-por-mais-de-50-acima-do-preco-estimado-pela-cgu-segundo-uol","status":"publish","type":"post","link":"https:\/\/dgospel.com.br\/portal\/index.php\/2025\/04\/03\/governo-lula-compra-carteiras-escolares-por-mais-de-50-acima-do-preco-estimado-pela-cgu-segundo-uol\/","title":{"rendered":"Governo Lula compra carteiras escolares por mais de 50% acima do pre\u00e7o estimado pela CGU, segundo UOL"},"content":{"rendered":"\n<p>O\u00a0<strong>governo federal<\/strong>, por meio do\u00a0<strong>FNDE (Fundo Nacional de Desenvolvimento da Educa\u00e7\u00e3o)<\/strong>, aprovou um pacote de compras de\u00a0<strong>m\u00f3veis escolares<\/strong>\u00a0em que algumas unidades foram adquiridas por\u00a0<strong>mais 50% acima da estimativa da Controladoria-Geral da Uni\u00e3o (CGU)<\/strong>. O gasto total pode chegar a\u00a0<strong>R$ 3 bilh\u00f5es<\/strong>, sendo\u00a0<strong>R$ 1 bilh\u00e3o acima do que o pr\u00f3prio \u00f3rg\u00e3o de controle previa como aceit\u00e1vel<\/strong>. A informa\u00e7\u00e3o \u00e9 do portal\u00a0<a rel=\"noreferrer noopener\" href=\"https:\/\/noticias.uol.com.br\/colunas\/natalia-portinari\/2025\/04\/03\/compra-de-moveis-escolares-pelo-governo-fica-50-acima-do-preco.htm\" target=\"_blank\">UOL<\/a>.<\/p>\n\n\n\n<p>Entre os exemplos mais gritantes est\u00e1 o&nbsp;<strong>conjunto de mesa para professor<\/strong>, que custava R$ 368,88 em 2022 (corrigido para R$ 387,55 com infla\u00e7\u00e3o), mas foi contratado por at\u00e9&nbsp;<strong>R$ 1.072<\/strong>&nbsp;\u2014 176%, na verdade. Ou seja, voc\u00ea poderia comprar uma mesa para cada aluno com o valor de uma s\u00f3, segundo a tabela do governo.<\/p>\n\n\n\n<p>A cereja no bolo? A pesquisa de pre\u00e7os foi&nbsp;<strong>mantida em sigilo<\/strong>. E as&nbsp;<strong>regras do edital afastaram parte dos fornecedores<\/strong>, segundo relatos das empresas que n\u00e3o conseguiram participar. As exig\u00eancias inclu\u00edam&nbsp;<strong>certifica\u00e7\u00f5es t\u00e9cnicas que nem o Inmetro pede<\/strong>, prazos curtos para apresentar documentos e condi\u00e7\u00f5es que, na pr\u00e1tica,&nbsp;<strong>deixaram o campo livre para poucos vencedores<\/strong>&nbsp;\u2014 muitos deles, curiosamente,&nbsp;<strong>ligados \u00e0 associa\u00e7\u00e3o j\u00e1 criticada pela CGU<\/strong>.<\/p>\n\n\n\n<blockquote class=\"wp-block-quote\"><p class=\"\">\u201cAs exig\u00eancias n\u00e3o podiam ser atendidas pela maioria dos fornecedores\u201d, disse a&nbsp;<strong>MC Ind\u00fastria e Com\u00e9rcio de M\u00f3veis<\/strong>, uma das empresas exclu\u00eddas do processo.<\/p><\/blockquote>\n\n\n\n<p>O resultado? Uma licita\u00e7\u00e3o p\u00fablica com cara de&nbsp;<em>clube fechado<\/em>. Tudo isso para entregar m\u00f3veis que, segundo o pr\u00f3prio FNDE, s\u00e3o \u201cmelhores\u201d e \u201cmais seguros\u201d \u2014 o tipo de argumento que&nbsp;<strong>serve tanto para justificar padr\u00f5es de qualidade quanto para camuflar favoritismo disfar\u00e7ado de zelo t\u00e9cnico<\/strong>.<\/p>\n\n\n\n<p>Entre as empresas que sa\u00edram com contratos est\u00e3o&nbsp;<strong>Maqm\u00f3veis<\/strong>,&nbsp;<strong>Delta Produtos e Servi\u00e7os<\/strong>&nbsp;e&nbsp;<strong>Incomel<\/strong>&nbsp;\u2014 todas ligadas \u00e0&nbsp;<strong>Abime<\/strong>, entidade que j\u00e1 teve seus pre\u00e7os questionados pela CGU em fiscaliza\u00e7\u00f5es anteriores. A Abime, quando procurada, disse n\u00e3o saber de nada. J\u00e1 a Maqm\u00f3veis afirmou que&nbsp;<strong>vendeu abaixo do pre\u00e7o de outros concorrentes<\/strong>&nbsp;e que cumpriu o edital \u201cna \u00edntegra\u201d.<\/p>\n\n\n\n<p>Claro. Quando o pre\u00e7o de refer\u00eancia est\u00e1 inflado, qualquer valor abaixo dele parece um desconto.<\/p>\n\n\n\n<p>O FNDE, presidido por&nbsp;<strong>Fernanda Pacobahyba<\/strong>, nome ligada ao ministro&nbsp;<strong>Camilo Santana (Educa\u00e7\u00e3o)<\/strong>, diz que todas as exig\u00eancias do edital foram feitas \u201cpara garantir ergonomia e seguran\u00e7a\u201d. E que a culpa \u00e9 do edital antigo, feito no governo Bolsonaro.<\/p>\n\n\n\n<p>Mas as atas com os pre\u00e7os inflacionados foram validadas&nbsp;<strong>em 2024<\/strong>, pela atual gest\u00e3o Lula. O discurso de ruptura com os erros do passado vai ficando cada vez mais simb\u00f3lico. Ou ret\u00f3rico.<\/p>\n\n\n\n<p>Enquanto o governo Lula busca apoio entre prefeitos e parlamentares com promessas de mais escolas e inclus\u00e3o, o esc\u00e2ndalo das carteiras escolares mostra&nbsp;<strong>como a velha pol\u00edtica de licita\u00e7\u00e3o turbinada sobrevive com roupa nova<\/strong>.<\/p>\n\n\n\n<p>A CGU j\u00e1 havia alertado para o risco de&nbsp;<strong>R$ 1,6 bilh\u00e3o de sobrepre\u00e7o<\/strong>. O governo, em vez de revisar tudo, ajustou a quantidade de carteiras e manteve os valores \u2014 como quem troca o pneu, mas deixa o carro sem freio.<\/p>\n","protected":false},"excerpt":{"rendered":"<p>O\u00a0governo federal, por meio do\u00a0FNDE (Fundo Nacional de Desenvolvimento da Educa\u00e7\u00e3o), aprovou um pacote de compras de\u00a0m\u00f3veis escolares\u00a0em que algumas unidades foram adquiridas por\u00a0mais 50% acima da estimativa da Controladoria-Geral da Uni\u00e3o (CGU). O gasto total pode chegar a\u00a0R$ 3 bilh\u00f5es, sendo\u00a0R$ 1 bilh\u00e3o acima do que o pr\u00f3prio \u00f3rg\u00e3o de controle previa como aceit\u00e1vel. [&hellip;]<\/p>\n","protected":false},"author":2,"featured_media":21664,"comment_status":"open","ping_status":"open","sticky":false,"template":"","format":"standard","meta":[],"categories":[12,10],"tags":[13],"_links":{"self":[{"href":"https:\/\/dgospel.com.br\/portal\/index.php\/wp-json\/wp\/v2\/posts\/21663"}],"collection":[{"href":"https:\/\/dgospel.com.br\/portal\/index.php\/wp-json\/wp\/v2\/posts"}],"about":[{"href":"https:\/\/dgospel.com.br\/portal\/index.php\/wp-json\/wp\/v2\/types\/post"}],"author":[{"embeddable":true,"href":"https:\/\/dgospel.com.br\/portal\/index.php\/wp-json\/wp\/v2\/users\/2"}],"replies":[{"embeddable":true,"href":"https:\/\/dgospel.com.br\/portal\/index.php\/wp-json\/wp\/v2\/comments?post=21663"}],"version-history":[{"count":1,"href":"https:\/\/dgospel.com.br\/portal\/index.php\/wp-json\/wp\/v2\/posts\/21663\/revisions"}],"predecessor-version":[{"id":21665,"href":"https:\/\/dgospel.com.br\/portal\/index.php\/wp-json\/wp\/v2\/posts\/21663\/revisions\/21665"}],"wp:featuredmedia":[{"embeddable":true,"href":"https:\/\/dgospel.com.br\/portal\/index.php\/wp-json\/wp\/v2\/media\/21664"}],"wp:attachment":[{"href":"https:\/\/dgospel.com.br\/portal\/index.php\/wp-json\/wp\/v2\/media?parent=21663"}],"wp:term":[{"taxonomy":"category","embeddable":true,"href":"https:\/\/dgospel.com.br\/portal\/index.php\/wp-json\/wp\/v2\/categories?post=21663"},{"taxonomy":"post_tag","embeddable":true,"href":"https:\/\/dgospel.com.br\/portal\/index.php\/wp-json\/wp\/v2\/tags?post=21663"}],"curies":[{"name":"wp","href":"https:\/\/api.w.org\/{rel}","templated":true}]}}